{"id":93798,"date":"2016-08-29T06:16:31","date_gmt":"2016-08-29T09:16:31","guid":{"rendered":"http:\/\/www.redenoticia.com.br\/noticia\/?p=93798"},"modified":"2016-08-26T14:17:47","modified_gmt":"2016-08-26T17:17:47","slug":"nova-zelandia-anuncia-programa-de-bolsas-de-estudo-para-a-america-latina","status":"publish","type":"post","link":"https:\/\/www.redenoticia.com.br\/noticia\/2016\/nova-zelandia-anuncia-programa-de-bolsas-de-estudo-para-a-america-latina\/93798","title":{"rendered":"Nova Zel\u00e2ndia anuncia programa de bolsas de estudo para a Am\u00e9rica Latina"},"content":{"rendered":"<p> Ag\u00eancia FAPESP \u2013 O governo da Nova Zel\u00e2ndia abrir\u00e1, a partir de 1\u00ba de setembro, as inscri\u00e7\u00f5es para os estudantes neozelandeses que queiram realizar parte do ensino superior no Brasil. Administrado pela ag\u00eancia governamental Education New Zealand (ENZ), o programa <strong><em>Bolsas de Estudo<\/em><\/strong> do Primeiro-Ministro para a Am\u00e9rica Latina cobre os custos das mensalidades das institui\u00e7\u00f5es de ensino no Brasil, al\u00e9m de passagens a\u00e9reas e acomoda\u00e7\u00e3o para os neozelandeses.<\/p>\n<p>A iniciativa abrange toda a Am\u00e9rica Latina e tem o Brasil como um dos principais focos. O objetivo \u00e9 promover a internacionaliza\u00e7\u00e3o do ensino da Nova Zel\u00e2ndia, estimulando a troca de experi\u00eancias entre os estudantes neozelandeses e internacionais, de acordo com a ENZ.<\/p>\n<p>As bolsas ser\u00e3o concedidas para os neozelandeses de comprovada excel\u00eancia acad\u00eamica e que demonstrarem a capacidade de representar positivamente o pa\u00eds no exterior. Os candidatos devem estar preparados para colocar em pr\u00e1tica os objetivos do programa de fomento, agindo com independ\u00eancia, maturidade e confian\u00e7a para estabelecer v\u00ednculos com a comunidade acad\u00eamica brasileira.<\/p>\n<p>Os estudantes contemplados podem passar um per\u00edodo de quatro semanas a dois anos no Brasil, realizando est\u00e1gios e pesquisas acad\u00eamicas. Interessados devem se inscrever entre 1\u00ba de setembro e 30 de outubro. Os candidatos devem ser cidad\u00e3os da Nova Zel\u00e2ndia e maiores de 18 anos. A divulga\u00e7\u00e3o dos resultados ocorrer\u00e1 em novembro.<\/p>\n<p>\u201cO programa vai fortalecer as conex\u00f5es internacionais com uma regi\u00e3o do mundo que vem se tornando cada vez mais importante para o com\u00e9rcio e neg\u00f3cios da Nova Zel\u00e2ndia. Destinos da Am\u00e9rica Latina e \u00c1sia est\u00e3o a apenas um voo de dist\u00e2ncia, o que facilita o trabalho em coopera\u00e7\u00e3o\u201d, afirma o ministro da Educa\u00e7\u00e3o Superior, Desenvolvimento Social e Empregabilidade da Nova Zel\u00e2ndia, Steven Joyce.<\/p>\n<p>As bolsas de estudo s\u00e3o parte do programa \u201cInnovative New Zealand\u201d, que conta com investimentos da ordem de $761.4 milh\u00f5es de d\u00f3lares neozelandeses para impulsionar a internacionaliza\u00e7\u00e3o do ensino superior da Nova Zel\u00e2ndia.<\/p>\n<p>Mais informa\u00e7\u00f5es sobre o programa Bolsas de Estudo do Primeiro-Ministro para a Am\u00e9rica Latina est\u00e3o em.<\/p>\n<p>Informa\u00e7\u00f5es sobre diversas bolsas de estudo do governo da Nova Zel\u00e2ndia est\u00e3o dispon\u00edveis em .<\/p>\n","protected":false},"excerpt":{"rendered":"<p>Ag\u00eancia FAPESP \u2013 O governo da Nova Zel\u00e2ndia abrir\u00e1, a partir de 1\u00ba de setembro, as inscri\u00e7\u00f5es para os estudantes neozelandeses que queiram realizar parte do ensino superior no Brasil. Administrado pela ag\u00eancia governamental Education New Zealand (ENZ), o programa Bolsas de Estudo do Primeiro-Ministro para a Am\u00e9rica Latina cobre os custos das mensalidades das [&hellip;]<\/p>\n","protected":false},"author":2,"featured_media":35036,"comment_status":"open","ping_status":"closed","sticky":false,"template":"","format":"standard","meta":{"_genesis_hide_title":false,"_genesis_hide_breadcrumbs":false,"_genesis_hide_singular_image":false,"_genesis_hide_footer_widgets":false,"_genesis_custom_body_class":"","_genesis_custom_post_class":"","_genesis_layout":"","_jetpack_memberships_contains_paid_content":false,"footnotes":""},"categories":[22],"tags":[],"class_list":{"0":"post-93798","1":"post","2":"type-post","3":"status-publish","4":"format-standard","5":"has-post-thumbnail","7":"category-brasil","8":"entry","9":"gs-1","10":"gs-odd","11":"gs-even","12":"gs-featured-content-entry"},"jetpack_featured_media_url":"https:\/\/www.redenoticia.com.br\/noticia\/imagens\/aluno-curso-estudante.jpg","jetpack_sharing_enabled":true,"jetpack_likes_enabled":true,"_links":{"self":[{"href":"https:\/\/www.redenoticia.com.br\/noticia\/wp-json\/wp\/v2\/posts\/93798","targetHints":{"allow":["GET"]}}],"collection":[{"href":"https:\/\/www.redenoticia.com.br\/noticia\/wp-json\/wp\/v2\/posts"}],"about":[{"href":"https:\/\/www.redenoticia.com.br\/noticia\/wp-json\/wp\/v2\/types\/post"}],"author":[{"embeddable":true,"href":"https:\/\/www.redenoticia.com.br\/noticia\/wp-json\/wp\/v2\/users\/2"}],"replies":[{"embeddable":true,"href":"https:\/\/www.redenoticia.com.br\/noticia\/wp-json\/wp\/v2\/comments?post=93798"}],"version-history":[{"count":0,"href":"https:\/\/www.redenoticia.com.br\/noticia\/wp-json\/wp\/v2\/posts\/93798\/revisions"}],"wp:featuredmedia":[{"embeddable":true,"href":"https:\/\/www.redenoticia.com.br\/noticia\/wp-json\/wp\/v2\/media\/35036"}],"wp:attachment":[{"href":"https:\/\/www.redenoticia.com.br\/noticia\/wp-json\/wp\/v2\/media?parent=93798"}],"wp:term":[{"taxonomy":"category","embeddable":true,"href":"https:\/\/www.redenoticia.com.br\/noticia\/wp-json\/wp\/v2\/categories?post=93798"},{"taxonomy":"post_tag","embeddable":true,"href":"https:\/\/www.redenoticia.com.br\/noticia\/wp-json\/wp\/v2\/tags?post=93798"}],"curies":[{"name":"wp","href":"https:\/\/api.w.org\/{rel}","templated":true}]}}