{"id":93770,"date":"2016-08-26T06:42:51","date_gmt":"2016-08-26T09:42:51","guid":{"rendered":"http:\/\/www.redenoticia.com.br\/noticia\/?p=93770"},"modified":"2016-08-25T21:43:50","modified_gmt":"2016-08-26T00:43:50","slug":"juros-no-cheque-especial-sobem-para-3184-ao-ano","status":"publish","type":"post","link":"https:\/\/www.redenoticia.com.br\/noticia\/2016\/juros-no-cheque-especial-sobem-para-3184-ao-ano\/93770","title":{"rendered":"Juros no cheque especial sobem para 318,4% ao ano"},"content":{"rendered":"<p> A <strong><em>taxa de juros do cheque especial<\/em><\/strong> continuou a subir em julho. De acordo com dados do Banco Central (BC), a taxa do cheque especial subiu 2,7 pontos percentuais, de junho para julho, quando chegou a 318,4% ao ano, chegando a novo recorde na s\u00e9rie hist\u00f3rica do BC, iniciada em julho de 1994.<\/p>\n<p>Neste ano, a taxa do cheque especial j\u00e1 subiu 31,4 pontos percentuais em rela\u00e7\u00e3o a dezembro de 2015, quando estava em 287% ao ano.<\/p>\n<p>Outra taxa de juros alta \u00e9 a do rotativo do cart\u00e3o de cr\u00e9dito. Em julho, na compara\u00e7\u00e3o com o m\u00eas anterior, houve uma pequena redu\u00e7\u00e3o na taxa de 0,2 ponto percentual. Mas a taxa de 470,7% ao ano \u00e9 a mais alta entre as pesquisadas pelo BC. Neste ano, essa taxa j\u00e1 subiu 39,3 pontos percentuais. O rotativo \u00e9 o cr\u00e9dito tomado pelo consumidor quando paga menos que o valor integral da fatura do cart\u00e3o.<\/p>\n<p>O chefe do Departamento Econ\u00f4mico do BC, Tulio Maciel, sugeriu cautela aos consumidores no uso do rotativo do cart\u00e3o de cr\u00e9dito ou do cheque especial devido ao custo alto. \u201cCr\u00e9dito rotativo deve ser utilizado com bastante cautela, por per\u00edodo de tempo bastante curto\u201d.<\/p>\n<p>A taxa m\u00e9dia das compras parceladas com juros, do parcelamento da fatura do cart\u00e3o de cr\u00e9dito e dos saques parcelados subiu 2,3 pontos percentuais e ficou em 151,8% ao ano.<\/p>\n<p>A taxa do cr\u00e9dito pessoal subiu 3,9 pontos percentuais para 132,2% ao ano. J\u00e1 a taxa do cr\u00e9dito consignado (com desconto em folha de pagamento) caiu 0,2 ponto percentual para 29,2% ao ano.<\/p>\n<p>A taxa m\u00e9dia de juros cobrada das fam\u00edlias subiu 0,5 ponto percentual, de junho para julho, quando ficou em 71,9% ao ano.<\/p>\n<p>A inadimpl\u00eancia do cr\u00e9dito, considerados atrasos acima de 90 dias, para pessoas f\u00edsicas ficou est\u00e1vel em 6,2%.<\/p>\n<p>Para Maciel, a inadimpl\u00eancia est\u00e1 \u201cbem-comportada\u201d, por influ\u00eancia de crit\u00e9rios mais rigorosos dos bancos na concess\u00e3o de cr\u00e9dito.<\/p>\n<p>A taxa de inadimpl\u00eancia das empresas subiu 0,1 ponto percentual e ficou em 5,2%. A taxa m\u00e9dia de juros cobrada das pessoas jur\u00eddicas ficou em 30,4% ao ano, alta de 0,1 ponto percentual em rela\u00e7\u00e3o a junho.<\/p>\n<p>Esses dados s\u00e3o do cr\u00e9dito livre em que os bancos t\u00eam autonomia para aplicar o dinheiro captado no mercado e definir as taxas de juros.<\/p>\n<p>No caso do cr\u00e9dito direcionado (empr\u00e9stimos com regras definidas pelo governo, destinados, basicamente, aos setores habitacional, rural e de infraestrutura) a taxa de juros para as pessoas f\u00edsicas subiu 0,1 ponto percentual para 10,6% ao ano. A taxa cobrada das empresas subiu 1 ponto percentual para 12,7% ao ano. A inadimpl\u00eancia das fam\u00edlias ficou em 1,8%, com alta de 0,1 ponto percentual em rela\u00e7\u00e3o a junho. A taxa de inadimpl\u00eancia das empresas ficou est\u00e1vel em 1,1%.<\/p>\n<p>O saldo de todas as opera\u00e7\u00f5es de cr\u00e9dito concedido pelos bancos caiu 0,4%, em julho e 3,2%, no ano. No m\u00eas passado, o saldo ficou em R$ 3,115 trilh\u00f5es. Esse valor correspondeu a 51,4% de tudo o que o pa\u00eds produz \u2013 Produto Interno Bruto (PIB), ante o percentual de 52,9% registrado em junho deste ano.<\/p>\n<p>Segundo Maciel, em meses de julho n\u00e3o costuma haver queda no cr\u00e9dito. \u201cEfetivamente o mercado de cr\u00e9dito evolui de uma maneria bastante contida ao longo deste ano, refletindo principalmente um n\u00edvel de atividade em patamar baixo\u201d, disse. Maciel tamb\u00e9m destacou que o baixo n\u00edvel de confian\u00e7a na economia e os juros mais caros tamb\u00e9m afetam o saldo do cr\u00e9dito. Maciel disse ainda que, no pr\u00f3ximo m\u00eas, o BC deve revisar para baixo a previs\u00e3o de crescimento do cr\u00e9dito, este ano. De acordo com a estimativa divulgada em junho, o cr\u00e9dito deve crescer 1%. O BC divulga as proje\u00e7\u00f5es trimestralmente.<\/p>\n<p>Kelly Oliveira \u2013 Rep\u00f3rter da Ag\u00eancia Brasil<br \/>\nEdi\u00e7\u00e3o: Maria Claudia<br \/>\n26\/08\/2016<\/p>\n","protected":false},"excerpt":{"rendered":"<p>A taxa de juros do cheque especial continuou a subir em julho. De acordo com dados do Banco Central (BC), a taxa do cheque especial subiu 2,7 pontos percentuais, de junho para julho, quando chegou a 318,4% ao ano, chegando a novo recorde na s\u00e9rie hist\u00f3rica do BC, iniciada em julho de 1994. Neste ano, [&hellip;]<\/p>\n","protected":false},"author":2,"featured_media":57582,"comment_status":"open","ping_status":"closed","sticky":false,"template":"","format":"standard","meta":{"_genesis_hide_title":false,"_genesis_hide_breadcrumbs":false,"_genesis_hide_singular_image":false,"_genesis_hide_footer_widgets":false,"_genesis_custom_body_class":"","_genesis_custom_post_class":"","_genesis_layout":"","_jetpack_memberships_contains_paid_content":false,"footnotes":""},"categories":[22,7],"tags":[],"class_list":{"0":"post-93770","1":"post","2":"type-post","3":"status-publish","4":"format-standard","5":"has-post-thumbnail","7":"category-brasil","8":"category-economia","9":"entry","10":"gs-1","11":"gs-odd","12":"gs-even","13":"gs-featured-content-entry"},"jetpack_featured_media_url":"https:\/\/www.redenoticia.com.br\/noticia\/imagens\/grafico1.jpg","jetpack_sharing_enabled":true,"jetpack_likes_enabled":true,"_links":{"self":[{"href":"https:\/\/www.redenoticia.com.br\/noticia\/wp-json\/wp\/v2\/posts\/93770","targetHints":{"allow":["GET"]}}],"collection":[{"href":"https:\/\/www.redenoticia.com.br\/noticia\/wp-json\/wp\/v2\/posts"}],"about":[{"href":"https:\/\/www.redenoticia.com.br\/noticia\/wp-json\/wp\/v2\/types\/post"}],"author":[{"embeddable":true,"href":"https:\/\/www.redenoticia.com.br\/noticia\/wp-json\/wp\/v2\/users\/2"}],"replies":[{"embeddable":true,"href":"https:\/\/www.redenoticia.com.br\/noticia\/wp-json\/wp\/v2\/comments?post=93770"}],"version-history":[{"count":0,"href":"https:\/\/www.redenoticia.com.br\/noticia\/wp-json\/wp\/v2\/posts\/93770\/revisions"}],"wp:featuredmedia":[{"embeddable":true,"href":"https:\/\/www.redenoticia.com.br\/noticia\/wp-json\/wp\/v2\/media\/57582"}],"wp:attachment":[{"href":"https:\/\/www.redenoticia.com.br\/noticia\/wp-json\/wp\/v2\/media?parent=93770"}],"wp:term":[{"taxonomy":"category","embeddable":true,"href":"https:\/\/www.redenoticia.com.br\/noticia\/wp-json\/wp\/v2\/categories?post=93770"},{"taxonomy":"post_tag","embeddable":true,"href":"https:\/\/www.redenoticia.com.br\/noticia\/wp-json\/wp\/v2\/tags?post=93770"}],"curies":[{"name":"wp","href":"https:\/\/api.w.org\/{rel}","templated":true}]}}