{"id":93766,"date":"2016-08-26T06:40:37","date_gmt":"2016-08-26T09:40:37","guid":{"rendered":"http:\/\/www.redenoticia.com.br\/noticia\/?p=93766"},"modified":"2016-08-25T21:41:43","modified_gmt":"2016-08-26T00:41:43","slug":"inadimplencia-com-cheques-cai-em-julho-para-226","status":"publish","type":"post","link":"https:\/\/www.redenoticia.com.br\/noticia\/2016\/inadimplencia-com-cheques-cai-em-julho-para-226\/93766","title":{"rendered":"Inadimpl\u00eancia com cheques cai em julho para 2,26%"},"content":{"rendered":"<p> Em julho, a <strong><em>inadimpl\u00eancia com cheques<\/em><\/strong> alcan\u00e7ou em todo o pa\u00eds o menor percentual do ano. \u00c9 o que revela o Indicador Serasa Experian de Cheques sem Fundos, que foi divulgado em S\u00e3o Paulo. Em todo o pa\u00eds, segundo o indicador, a porcentagem de devolu\u00e7\u00e3o de cheques por insufici\u00eancia de fundos somou 2,26% em julho, com 1.042.209 cheques devolvidos e 46.134.886  compensados. <\/p>\n<p>No m\u00eas anterior, 1.142.456 cheques foram devolvidos (2,36% de devolu\u00e7\u00f5es) e, em julho do ano passado, houve 1.295.541 (2,29%) de devolu\u00e7\u00f5es).<\/p>\n<p>Para os economistas da Serasa Experian, no entanto, apesar desse ter sido o menor patamar de inadimpl\u00eancia com cheques do ano, ainda representou o segundo pior m\u00eas de julho desde 1991.<\/p>\n<p>Por isso, eles consideram que ainda \u00e9 cedo para falar em estabiliza\u00e7\u00e3o da inadimpl\u00eancia com cheques j\u00e1 que &#8220;fatores como desemprego, recess\u00e3o e infla\u00e7\u00e3o ainda se encontram presentes no cen\u00e1rio econ\u00f4mico\u201d, finalizam.<\/p>\n<p>Elaine Patricia Cruz \u2013 Rep\u00f3rter da Ag\u00eancia Brasil<br \/>\nEdi\u00e7\u00e3o: Kleber Sampaio<br \/>\n26\/08\/2016<br \/>\n&#8212;<br \/>\nA Empresa Brasil de Comunica\u00e7\u00e3o \u00e9 uma institui\u00e7\u00e3o da democracia brasileira: p\u00fablica, inclusiva e cidad\u00e3.  Criada em 2007 para fortalecer o sistema p\u00fablico de comunica\u00e7\u00e3o, \u00e9 gestora dos canais TV Brasil, TV Brasil Internacional, Ag\u00eancia Brasil, Radioag\u00eancia Nacional e do sistema p\u00fablico de R\u00e1dio \u2013 composto por oito emissoras. Estes, por sua independ\u00eancia editorial, distinguem-se dos canais estatais ou governamentais, com conte\u00fados diferenciados e complementares aos canais privados. Os ve\u00edculos da EBC t\u00eam autonomia para definir produ\u00e7\u00e3o, programa\u00e7\u00e3o e distribui\u00e7\u00e3o de conte\u00fados.<\/p>\n","protected":false},"excerpt":{"rendered":"<p>Em julho, a inadimpl\u00eancia com cheques alcan\u00e7ou em todo o pa\u00eds o menor percentual do ano. \u00c9 o que revela o Indicador Serasa Experian de Cheques sem Fundos, que foi divulgado em S\u00e3o Paulo. Em todo o pa\u00eds, segundo o indicador, a porcentagem de devolu\u00e7\u00e3o de cheques por insufici\u00eancia de fundos somou 2,26% em julho, [&hellip;]<\/p>\n","protected":false},"author":2,"featured_media":57585,"comment_status":"open","ping_status":"closed","sticky":false,"template":"","format":"standard","meta":{"_genesis_hide_title":false,"_genesis_hide_breadcrumbs":false,"_genesis_hide_singular_image":false,"_genesis_hide_footer_widgets":false,"_genesis_custom_body_class":"","_genesis_custom_post_class":"","_genesis_layout":"","_jetpack_memberships_contains_paid_content":false,"footnotes":""},"categories":[22,7],"tags":[],"class_list":{"0":"post-93766","1":"post","2":"type-post","3":"status-publish","4":"format-standard","5":"has-post-thumbnail","7":"category-brasil","8":"category-economia","9":"entry","10":"gs-1","11":"gs-odd","12":"gs-even","13":"gs-featured-content-entry"},"jetpack_featured_media_url":"https:\/\/www.redenoticia.com.br\/noticia\/imagens\/analise-economia.jpg","jetpack_sharing_enabled":true,"jetpack_likes_enabled":true,"_links":{"self":[{"href":"https:\/\/www.redenoticia.com.br\/noticia\/wp-json\/wp\/v2\/posts\/93766","targetHints":{"allow":["GET"]}}],"collection":[{"href":"https:\/\/www.redenoticia.com.br\/noticia\/wp-json\/wp\/v2\/posts"}],"about":[{"href":"https:\/\/www.redenoticia.com.br\/noticia\/wp-json\/wp\/v2\/types\/post"}],"author":[{"embeddable":true,"href":"https:\/\/www.redenoticia.com.br\/noticia\/wp-json\/wp\/v2\/users\/2"}],"replies":[{"embeddable":true,"href":"https:\/\/www.redenoticia.com.br\/noticia\/wp-json\/wp\/v2\/comments?post=93766"}],"version-history":[{"count":0,"href":"https:\/\/www.redenoticia.com.br\/noticia\/wp-json\/wp\/v2\/posts\/93766\/revisions"}],"wp:featuredmedia":[{"embeddable":true,"href":"https:\/\/www.redenoticia.com.br\/noticia\/wp-json\/wp\/v2\/media\/57585"}],"wp:attachment":[{"href":"https:\/\/www.redenoticia.com.br\/noticia\/wp-json\/wp\/v2\/media?parent=93766"}],"wp:term":[{"taxonomy":"category","embeddable":true,"href":"https:\/\/www.redenoticia.com.br\/noticia\/wp-json\/wp\/v2\/categories?post=93766"},{"taxonomy":"post_tag","embeddable":true,"href":"https:\/\/www.redenoticia.com.br\/noticia\/wp-json\/wp\/v2\/tags?post=93766"}],"curies":[{"name":"wp","href":"https:\/\/api.w.org\/{rel}","templated":true}]}}