{"id":93764,"date":"2016-08-26T06:39:40","date_gmt":"2016-08-26T09:39:40","guid":{"rendered":"http:\/\/www.redenoticia.com.br\/noticia\/?p=93764"},"modified":"2016-08-25T21:40:32","modified_gmt":"2016-08-26T00:40:32","slug":"cerca-de-260-mil-servidores-publicos-ainda-nao-sacaram-abono-salarial","status":"publish","type":"post","link":"https:\/\/www.redenoticia.com.br\/noticia\/2016\/cerca-de-260-mil-servidores-publicos-ainda-nao-sacaram-abono-salarial\/93764","title":{"rendered":"Cerca de 260 mil servidores p\u00fablicos ainda n\u00e3o sacaram abono salarial"},"content":{"rendered":"<p> Cerca de 260 mil servidores p\u00fablicos ainda n\u00e3o fizeram o saque do <strong><em>abono salarial<\/em><\/strong> do ano-base 2014. O valor \u00e9 de at\u00e9 um sal\u00e1rio-m\u00ednimo (R$ 880) e est\u00e1 dispon\u00edvel em qualquer ag\u00eancia do Banco do Brasil, no prazo prorrogado at\u00e9 dia 31 de agosto. O recurso n\u00e3o sacado \u00e9 devolvido ao Fundo de Amparo ao Trabalhador (FAT).<\/p>\n<p>T\u00eam direito ao abono salarial os servidores p\u00fablicos que tenham exercido atividade remunerada durante pelo menos 30 dias em 2014. Tamb\u00e9m \u00e9 necess\u00e1rio estar inscrito no PIS\/Pasep h\u00e1 pelo menos cinco anos e ter recebido remunera\u00e7\u00e3o mensal m\u00e9dia de at\u00e9 dois sal\u00e1rios-m\u00ednimos. Outro pr\u00e9-requisito \u00e9 que os benefici\u00e1rios tenham seus dados informados corretamente pelo empregador na Rela\u00e7\u00e3o Anual de Informa\u00e7\u00f5es Sociais (Rais).<\/p>\n<p>Os trabalhadores podem consultar se t\u00eam direito ao benef\u00edcio pelo portal do Minist\u00e9rio do Trabalho. Para sacar o abono salarial Pasep ano-base 2014 o servidor precisa verificar se houve dep\u00f3sito em sua conta. Caso isso n\u00e3o tenha ocorrido, deve procurar uma ag\u00eancia do Banco do Brasil e apresentar um documento de identifica\u00e7\u00e3o.<\/p>\n<p>Mais informa\u00e7\u00f5es podem ser obtidas no Banco do Brasil, pelo telefone 0800 729 00 01, ou na Central de Atendimento Al\u00f4 Trabalho do Minist\u00e9rio do Trabalho, que atende pelo n\u00famero 158.<\/p>\n<p> Os trabalhadores da iniciativa privada tamb\u00e9m t\u00eam direito a saque de abono salarial at\u00e9 31 de agosto. Neste caso, o benef\u00edcio \u00e9 o Programa de Integra\u00e7\u00e3o Social (PIS), pago pela Caixa Econ\u00f4mica Federal.<\/p>\n<p>Quem possui o Cart\u00e3o Cidad\u00e3o pode sacar o benef\u00edcio em casas lot\u00e9ricas ou em terminais de autoatendimento da Caixa. Quem n\u00e3o tem o cart\u00e3o, pode receber o dinheiro em qualquer ag\u00eancia do banco, desde que leve documento de identifica\u00e7\u00e3o. Empregados dom\u00e9sticos n\u00e3o t\u00eam direito ao benef\u00edcio, porque o PIS \u00e9 recolhido somente por empresas privadas.<\/p>\n<p>No \u00faltimo dia 17, o Minist\u00e9rio do Trabalho informou que mais de 900 mil trabalhadores ainda n\u00e3o haviam sacado o PIS\/Pasep.<\/p>\n<p>Da Ag\u00eancia Brasil<br \/>\nEdi\u00e7\u00e3o: Denise Griesinger<br \/>\n26\/08\/2016<\/p>\n","protected":false},"excerpt":{"rendered":"<p>Cerca de 260 mil servidores p\u00fablicos ainda n\u00e3o fizeram o saque do abono salarial do ano-base 2014. O valor \u00e9 de at\u00e9 um sal\u00e1rio-m\u00ednimo (R$ 880) e est\u00e1 dispon\u00edvel em qualquer ag\u00eancia do Banco do Brasil, no prazo prorrogado at\u00e9 dia 31 de agosto. O recurso n\u00e3o sacado \u00e9 devolvido ao Fundo de Amparo ao [&hellip;]<\/p>\n","protected":false},"author":2,"featured_media":28951,"comment_status":"open","ping_status":"closed","sticky":false,"template":"","format":"standard","meta":{"_genesis_hide_title":false,"_genesis_hide_breadcrumbs":false,"_genesis_hide_singular_image":false,"_genesis_hide_footer_widgets":false,"_genesis_custom_body_class":"","_genesis_custom_post_class":"","_genesis_layout":"","_jetpack_memberships_contains_paid_content":false,"footnotes":""},"categories":[22,7],"tags":[],"class_list":{"0":"post-93764","1":"post","2":"type-post","3":"status-publish","4":"format-standard","5":"has-post-thumbnail","7":"category-brasil","8":"category-economia","9":"entry","10":"gs-1","11":"gs-odd","12":"gs-even","13":"gs-featured-content-entry"},"jetpack_featured_media_url":"https:\/\/www.redenoticia.com.br\/noticia\/imagens\/concurso-inscricao-vagas-ate.jpg","jetpack_sharing_enabled":true,"jetpack_likes_enabled":true,"_links":{"self":[{"href":"https:\/\/www.redenoticia.com.br\/noticia\/wp-json\/wp\/v2\/posts\/93764","targetHints":{"allow":["GET"]}}],"collection":[{"href":"https:\/\/www.redenoticia.com.br\/noticia\/wp-json\/wp\/v2\/posts"}],"about":[{"href":"https:\/\/www.redenoticia.com.br\/noticia\/wp-json\/wp\/v2\/types\/post"}],"author":[{"embeddable":true,"href":"https:\/\/www.redenoticia.com.br\/noticia\/wp-json\/wp\/v2\/users\/2"}],"replies":[{"embeddable":true,"href":"https:\/\/www.redenoticia.com.br\/noticia\/wp-json\/wp\/v2\/comments?post=93764"}],"version-history":[{"count":0,"href":"https:\/\/www.redenoticia.com.br\/noticia\/wp-json\/wp\/v2\/posts\/93764\/revisions"}],"wp:featuredmedia":[{"embeddable":true,"href":"https:\/\/www.redenoticia.com.br\/noticia\/wp-json\/wp\/v2\/media\/28951"}],"wp:attachment":[{"href":"https:\/\/www.redenoticia.com.br\/noticia\/wp-json\/wp\/v2\/media?parent=93764"}],"wp:term":[{"taxonomy":"category","embeddable":true,"href":"https:\/\/www.redenoticia.com.br\/noticia\/wp-json\/wp\/v2\/categories?post=93764"},{"taxonomy":"post_tag","embeddable":true,"href":"https:\/\/www.redenoticia.com.br\/noticia\/wp-json\/wp\/v2\/tags?post=93764"}],"curies":[{"name":"wp","href":"https:\/\/api.w.org\/{rel}","templated":true}]}}