{"id":93761,"date":"2016-08-26T06:38:27","date_gmt":"2016-08-26T09:38:27","guid":{"rendered":"http:\/\/www.redenoticia.com.br\/noticia\/?p=93761"},"modified":"2016-08-25T21:39:34","modified_gmt":"2016-08-26T00:39:34","slug":"spc-46-de-inadimplentes-nao-tem-como-pagar-dividas-nos-proximos-3-meses","status":"publish","type":"post","link":"https:\/\/www.redenoticia.com.br\/noticia\/2016\/spc-46-de-inadimplentes-nao-tem-como-pagar-dividas-nos-proximos-3-meses\/93761","title":{"rendered":"SPC: 46% de inadimplentes n\u00e3o t\u00eam como pagar d\u00edvidas nos pr\u00f3ximos 3 meses"},"content":{"rendered":"<p> Quase a metade (46%) dos <strong><em>inadimplentes<\/em><\/strong> n\u00e3o tem condi\u00e7\u00f5es de pagar as d\u00edvidas em atraso nos pr\u00f3ximos tr\u00eas meses, segundo o Perfil do Inadimplente Brasileiro. O levantamento elaborado pelo Servi\u00e7o de Prote\u00e7\u00e3o ao Cr\u00e9dito (SPC) e pela Confedera\u00e7\u00e3o Nacional de Dirigentes Lojistas (CNDL) mostrou ainda que a perda do emprego \u00e9 a principal raz\u00e3o para deixar de pagar as contas atrasadas, indicada por 28,2% dos consumidores.<\/p>\n<p> Em seguida, vem a diminui\u00e7\u00e3o da renda, apontada como motivo do n\u00e3o pagamento por 14,8%, e a falta de controle financeiro, para 9,6%.<\/p>\n<p>De acordo com a pesquisa, 61,2% dos entrevistados acreditam que a situa\u00e7\u00e3o financeira pessoal piorou em compara\u00e7\u00e3o com o ano passado. Para 24,4%, as d\u00edvidas s\u00e3o o principal motivo desta piora, enquanto 16,4% atribuem o agravamento dos problemas financeiros ao desemprego e 20,4% \u00e0 queda na renda. O valor m\u00e9dio das d\u00edvidas \u00e9 de R$ 3,5 mil.<\/p>\n<p>A maioria dos devedores deixou de pagar parcelas de empr\u00e9stimos banc\u00e1rios ou com financeiras (89,6%), presta\u00e7\u00f5es de cart\u00f5es de loja (83,6%), d\u00edvidas contra\u00eddas no cart\u00e3o de cr\u00e9dito (74,9%) e contas no credi\u00e1rio (68,7%).<\/p>\n<p>Daniel Mello &#8211; Rep\u00f3rter da Ag\u00eancia Brasil<br \/>\nEdi\u00e7\u00e3o: Denise Griesinger<br \/>\n26\/08\/2016<br \/>\n&#8212;<br \/>\nA Empresa Brasil de Comunica\u00e7\u00e3o \u00e9 uma institui\u00e7\u00e3o da democracia brasileira: p\u00fablica, inclusiva e cidad\u00e3.  Criada em 2007 para fortalecer o sistema p\u00fablico de comunica\u00e7\u00e3o, \u00e9 gestora dos canais TV Brasil, TV Brasil Internacional, Ag\u00eancia Brasil, Radioag\u00eancia Nacional e do sistema p\u00fablico de R\u00e1dio \u2013 composto por oito emissoras. Estes, por sua independ\u00eancia editorial, distinguem-se dos canais estatais ou governamentais, com conte\u00fados diferenciados e complementares aos canais privados. Os ve\u00edculos da EBC t\u00eam autonomia para definir produ\u00e7\u00e3o, programa\u00e7\u00e3o e distribui\u00e7\u00e3o de conte\u00fados.<\/p>\n","protected":false},"excerpt":{"rendered":"<p>Quase a metade (46%) dos inadimplentes n\u00e3o tem condi\u00e7\u00f5es de pagar as d\u00edvidas em atraso nos pr\u00f3ximos tr\u00eas meses, segundo o Perfil do Inadimplente Brasileiro. O levantamento elaborado pelo Servi\u00e7o de Prote\u00e7\u00e3o ao Cr\u00e9dito (SPC) e pela Confedera\u00e7\u00e3o Nacional de Dirigentes Lojistas (CNDL) mostrou ainda que a perda do emprego \u00e9 a principal raz\u00e3o para [&hellip;]<\/p>\n","protected":false},"author":2,"featured_media":40517,"comment_status":"open","ping_status":"closed","sticky":false,"template":"","format":"standard","meta":{"_genesis_hide_title":false,"_genesis_hide_breadcrumbs":false,"_genesis_hide_singular_image":false,"_genesis_hide_footer_widgets":false,"_genesis_custom_body_class":"","_genesis_custom_post_class":"","_genesis_layout":"","_jetpack_memberships_contains_paid_content":false,"footnotes":""},"categories":[22,7],"tags":[],"class_list":{"0":"post-93761","1":"post","2":"type-post","3":"status-publish","4":"format-standard","5":"has-post-thumbnail","7":"category-brasil","8":"category-economia","9":"entry","10":"gs-1","11":"gs-odd","12":"gs-even","13":"gs-featured-content-entry"},"jetpack_featured_media_url":"https:\/\/www.redenoticia.com.br\/noticia\/imagens\/economia-previsao.jpg","jetpack_sharing_enabled":true,"jetpack_likes_enabled":true,"_links":{"self":[{"href":"https:\/\/www.redenoticia.com.br\/noticia\/wp-json\/wp\/v2\/posts\/93761","targetHints":{"allow":["GET"]}}],"collection":[{"href":"https:\/\/www.redenoticia.com.br\/noticia\/wp-json\/wp\/v2\/posts"}],"about":[{"href":"https:\/\/www.redenoticia.com.br\/noticia\/wp-json\/wp\/v2\/types\/post"}],"author":[{"embeddable":true,"href":"https:\/\/www.redenoticia.com.br\/noticia\/wp-json\/wp\/v2\/users\/2"}],"replies":[{"embeddable":true,"href":"https:\/\/www.redenoticia.com.br\/noticia\/wp-json\/wp\/v2\/comments?post=93761"}],"version-history":[{"count":0,"href":"https:\/\/www.redenoticia.com.br\/noticia\/wp-json\/wp\/v2\/posts\/93761\/revisions"}],"wp:featuredmedia":[{"embeddable":true,"href":"https:\/\/www.redenoticia.com.br\/noticia\/wp-json\/wp\/v2\/media\/40517"}],"wp:attachment":[{"href":"https:\/\/www.redenoticia.com.br\/noticia\/wp-json\/wp\/v2\/media?parent=93761"}],"wp:term":[{"taxonomy":"category","embeddable":true,"href":"https:\/\/www.redenoticia.com.br\/noticia\/wp-json\/wp\/v2\/categories?post=93761"},{"taxonomy":"post_tag","embeddable":true,"href":"https:\/\/www.redenoticia.com.br\/noticia\/wp-json\/wp\/v2\/tags?post=93761"}],"curies":[{"name":"wp","href":"https:\/\/api.w.org\/{rel}","templated":true}]}}