{"id":93759,"date":"2016-08-26T06:37:25","date_gmt":"2016-08-26T09:37:25","guid":{"rendered":"http:\/\/www.redenoticia.com.br\/noticia\/?p=93759"},"modified":"2016-08-25T21:38:22","modified_gmt":"2016-08-26T00:38:22","slug":"estado-de-sao-paulo-amplia-numero-de-vagas-para-penas-alternativas","status":"publish","type":"post","link":"https:\/\/www.redenoticia.com.br\/noticia\/2016\/estado-de-sao-paulo-amplia-numero-de-vagas-para-penas-alternativas\/93759","title":{"rendered":"Estado de S\u00e3o Paulo amplia n\u00famero de vagas para penas alternativas"},"content":{"rendered":"<p> Al\u00e9m da puni\u00e7\u00e3o, o <strong><em>sistema prisional<\/em><\/strong> brasileiro busca a ressocializa\u00e7\u00e3o e reinser\u00e7\u00e3o das pessoas que cometeram algum tipo de delito. Com esse objetivo, o governador Geraldo Alckmin assinou um conv\u00eanio com a Secretaria da Administra\u00e7\u00e3o Penitenci\u00e1ria (SAP) e o Tribunal Regional Federal da Terceira Regi\u00e3o (TRF3) para disponibiliza\u00e7\u00e3o de postos de trabalho para os cumpridores de penas alternativas. Essa presta\u00e7\u00e3o de servi\u00e7os \u00e0 comunidade ser\u00e1 em 53 Subse\u00e7\u00f5es Judici\u00e1rias do TRF3 e abrange 65 cidades paulistas. <\/p>\n<p>&#8220;Esse \u00e9 um conv\u00eanio importante para aumentarmos as penas alternativas para crimes de menor poder ofensivo, quando n\u00e3o tem necessidade de pris\u00e3o. Essa presta\u00e7\u00e3o de servi\u00e7o \u00e0 comunidade \u00e9 muito importante porque ao inv\u00e9s de pagar multa ou cesta b\u00e1sica, o apenado presta servi\u00e7o para a sociedade e isso tamb\u00e9m se torna muito importante na recupera\u00e7\u00e3o daqueles que s\u00e3o condenados&#8221;, disse o governador. <\/p>\n<p>O conv\u00eanio assinado com o TRF3 busca equilibrar uma medida punitiva sem perder o car\u00e1ter educativo. Antes era apenas o valor em dinheiro como forma de reparar o preju\u00edzo \u00e0 sociedade e com o novo modelo a pena se torna muito mais educativa. &#8220;O que se fazia na pena alternativa? Era cumprida com o pagamento da cesta b\u00e1sica. Agora n\u00e3o mais. Agora \u00e9 presta\u00e7\u00e3o de servi\u00e7o \u00e0 comunidade e n\u00f3s estamos ampliando esses conv\u00eanios&#8221;, explicou Alckmin. <\/p>\n<p>Vagas<br \/>\nO TRF3 definiu, inicialmente, vagas de trabalho para as seguintes atividades: apoio na organiza\u00e7\u00e3o de processos, de materiais, de remessa de malotes, arquivos e manuten\u00e7\u00e3o das instala\u00e7\u00f5es f\u00edsicas, de acordo com o perfil de cada apenado. As atividades poder\u00e3o ser ampliadas de acordo com a solicita\u00e7\u00e3o do \u00f3rg\u00e3o no decorrer do conv\u00eanio, que tem validade de 60 meses. <\/p>\n<p>O apenado s\u00f3 se torna apto a cumprir a pena alternativa ap\u00f3s passar por uma avalia\u00e7\u00e3o psicossocial e de levantamento de demandas, que avalia tamb\u00e9m suas potencialidades (profiss\u00e3o, gradua\u00e7\u00e3o, conhecimentos e habilidades), bem como suas limita\u00e7\u00f5es e restri\u00e7\u00f5es. <\/p>\n<p>Al\u00e9m destas novas vagas para penas alternativas, o estado tamb\u00e9m oferece cursos e possibilidade de remiss\u00e3o de pena tamb\u00e9m para os presos em regime semiaberto. Na rede estadual, sempre nos meses que antecedem a volta \u00e0s aulas, a Secretaria de Administra\u00e7\u00e3o Penitenci\u00e1ria organiza aulas pr\u00e1ticas de manuten\u00e7\u00e3o e limpeza nos pr\u00e9dios. De acordo com a SAP, mais de 20 escolas da rede p\u00fablica j\u00e1 passaram por manuten\u00e7\u00e3o e pintura com m\u00e3o de obra dos apenados. <\/p>\n<p>Do Portal do Governo do Estado SP<\/p>\n","protected":false},"excerpt":{"rendered":"<p>Al\u00e9m da puni\u00e7\u00e3o, o sistema prisional brasileiro busca a ressocializa\u00e7\u00e3o e reinser\u00e7\u00e3o das pessoas que cometeram algum tipo de delito. Com esse objetivo, o governador Geraldo Alckmin assinou um conv\u00eanio com a Secretaria da Administra\u00e7\u00e3o Penitenci\u00e1ria (SAP) e o Tribunal Regional Federal da Terceira Regi\u00e3o (TRF3) para disponibiliza\u00e7\u00e3o de postos de trabalho para os cumpridores [&hellip;]<\/p>\n","protected":false},"author":2,"featured_media":38940,"comment_status":"open","ping_status":"closed","sticky":false,"template":"","format":"standard","meta":{"_genesis_hide_title":false,"_genesis_hide_breadcrumbs":false,"_genesis_hide_singular_image":false,"_genesis_hide_footer_widgets":false,"_genesis_custom_body_class":"","_genesis_custom_post_class":"","_genesis_layout":"","_jetpack_memberships_contains_paid_content":false,"footnotes":""},"categories":[22],"tags":[],"class_list":{"0":"post-93759","1":"post","2":"type-post","3":"status-publish","4":"format-standard","5":"has-post-thumbnail","7":"category-brasil","8":"entry","9":"gs-1","10":"gs-odd","11":"gs-even","12":"gs-featured-content-entry"},"jetpack_featured_media_url":"https:\/\/www.redenoticia.com.br\/noticia\/imagens\/grafico.jpg","jetpack_sharing_enabled":true,"jetpack_likes_enabled":true,"_links":{"self":[{"href":"https:\/\/www.redenoticia.com.br\/noticia\/wp-json\/wp\/v2\/posts\/93759","targetHints":{"allow":["GET"]}}],"collection":[{"href":"https:\/\/www.redenoticia.com.br\/noticia\/wp-json\/wp\/v2\/posts"}],"about":[{"href":"https:\/\/www.redenoticia.com.br\/noticia\/wp-json\/wp\/v2\/types\/post"}],"author":[{"embeddable":true,"href":"https:\/\/www.redenoticia.com.br\/noticia\/wp-json\/wp\/v2\/users\/2"}],"replies":[{"embeddable":true,"href":"https:\/\/www.redenoticia.com.br\/noticia\/wp-json\/wp\/v2\/comments?post=93759"}],"version-history":[{"count":0,"href":"https:\/\/www.redenoticia.com.br\/noticia\/wp-json\/wp\/v2\/posts\/93759\/revisions"}],"wp:featuredmedia":[{"embeddable":true,"href":"https:\/\/www.redenoticia.com.br\/noticia\/wp-json\/wp\/v2\/media\/38940"}],"wp:attachment":[{"href":"https:\/\/www.redenoticia.com.br\/noticia\/wp-json\/wp\/v2\/media?parent=93759"}],"wp:term":[{"taxonomy":"category","embeddable":true,"href":"https:\/\/www.redenoticia.com.br\/noticia\/wp-json\/wp\/v2\/categories?post=93759"},{"taxonomy":"post_tag","embeddable":true,"href":"https:\/\/www.redenoticia.com.br\/noticia\/wp-json\/wp\/v2\/tags?post=93759"}],"curies":[{"name":"wp","href":"https:\/\/api.w.org\/{rel}","templated":true}]}}