{"id":93661,"date":"2016-08-25T06:47:43","date_gmt":"2016-08-25T09:47:43","guid":{"rendered":"http:\/\/www.redenoticia.com.br\/noticia\/?p=93661"},"modified":"2016-08-24T18:49:23","modified_gmt":"2016-08-24T21:49:23","slug":"demanda-por-voos-domesticos-cai-649-em-julho","status":"publish","type":"post","link":"https:\/\/www.redenoticia.com.br\/noticia\/2016\/demanda-por-voos-domesticos-cai-649-em-julho\/93661","title":{"rendered":"Demanda por voos dom\u00e9sticos cai 6,49% em julho"},"content":{"rendered":"<p> A <strong><em>demanda por voos dom\u00e9sticos<\/em><\/strong> registrou queda no pa\u00eds pelo 12\u00ba m\u00eas consecutivo. Em julho, o recuo foi de 6,49%, na compara\u00e7\u00e3o com o ano anterior. J\u00e1 a oferta teve queda de 7,78% em julho na compara\u00e7\u00e3o com julho de 2015. Os dados foram divulgados pela Associa\u00e7\u00e3o Brasileira das Empresas A\u00e9reas (Abear).<\/p>\n<p>Em julho, as viagens dom\u00e9sticas totalizaram 8,1 milh\u00f5es, o que representou queda de 8,48%.<\/p>\n<p>A procura pelas companhias nacionais para viagens a\u00e9reas internacionais apresentou recuo de 4,26% em julho, a quinta queda mensal consecutiva. J\u00e1 a oferta teve retra\u00e7\u00e3o de 7,71%. Nesse per\u00edodo foram realizados 697,5 mil voos internacionais, o que significou aumento de 0,45% em rela\u00e7\u00e3o a julho de 2015.<\/p>\n<p>Cargas<\/p>\n<p>O transporte a\u00e9reo de cargas no pa\u00eds, considerando o transporte feito pelas empresas Avianca, Azul, Gol, Latam e Latam Cargo apresentou queda de 4,14% em julho, totalizando 26,7 mil toneladas transportadas. No mercado internacional a redu\u00e7\u00e3o foi de 0,37%, com 14,6 mil toneladas transportadas.<\/p>\n<p>Elaine Patricia Cruz \u2013 Rep\u00f3rter da Ag\u00eancia Brasil<br \/>\nEdi\u00e7\u00e3o: Maria Claudia<br \/>\n25\/08\/2016<\/p>\n","protected":false},"excerpt":{"rendered":"<p>A demanda por voos dom\u00e9sticos registrou queda no pa\u00eds pelo 12\u00ba m\u00eas consecutivo. Em julho, o recuo foi de 6,49%, na compara\u00e7\u00e3o com o ano anterior. J\u00e1 a oferta teve queda de 7,78% em julho na compara\u00e7\u00e3o com julho de 2015. Os dados foram divulgados pela Associa\u00e7\u00e3o Brasileira das Empresas A\u00e9reas (Abear). Em julho, as [&hellip;]<\/p>\n","protected":false},"author":2,"featured_media":28409,"comment_status":"open","ping_status":"closed","sticky":false,"template":"","format":"standard","meta":{"_genesis_hide_title":false,"_genesis_hide_breadcrumbs":false,"_genesis_hide_singular_image":false,"_genesis_hide_footer_widgets":false,"_genesis_custom_body_class":"","_genesis_custom_post_class":"","_genesis_layout":"","_jetpack_memberships_contains_paid_content":false,"footnotes":""},"categories":[22,7],"tags":[],"class_list":{"0":"post-93661","1":"post","2":"type-post","3":"status-publish","4":"format-standard","5":"has-post-thumbnail","7":"category-brasil","8":"category-economia","9":"entry","10":"gs-1","11":"gs-odd","12":"gs-even","13":"gs-featured-content-entry"},"jetpack_featured_media_url":"https:\/\/www.redenoticia.com.br\/noticia\/imagens\/previsao-do-tempo-e-temperatura.jpg","jetpack_sharing_enabled":true,"jetpack_likes_enabled":true,"_links":{"self":[{"href":"https:\/\/www.redenoticia.com.br\/noticia\/wp-json\/wp\/v2\/posts\/93661","targetHints":{"allow":["GET"]}}],"collection":[{"href":"https:\/\/www.redenoticia.com.br\/noticia\/wp-json\/wp\/v2\/posts"}],"about":[{"href":"https:\/\/www.redenoticia.com.br\/noticia\/wp-json\/wp\/v2\/types\/post"}],"author":[{"embeddable":true,"href":"https:\/\/www.redenoticia.com.br\/noticia\/wp-json\/wp\/v2\/users\/2"}],"replies":[{"embeddable":true,"href":"https:\/\/www.redenoticia.com.br\/noticia\/wp-json\/wp\/v2\/comments?post=93661"}],"version-history":[{"count":0,"href":"https:\/\/www.redenoticia.com.br\/noticia\/wp-json\/wp\/v2\/posts\/93661\/revisions"}],"wp:featuredmedia":[{"embeddable":true,"href":"https:\/\/www.redenoticia.com.br\/noticia\/wp-json\/wp\/v2\/media\/28409"}],"wp:attachment":[{"href":"https:\/\/www.redenoticia.com.br\/noticia\/wp-json\/wp\/v2\/media?parent=93661"}],"wp:term":[{"taxonomy":"category","embeddable":true,"href":"https:\/\/www.redenoticia.com.br\/noticia\/wp-json\/wp\/v2\/categories?post=93661"},{"taxonomy":"post_tag","embeddable":true,"href":"https:\/\/www.redenoticia.com.br\/noticia\/wp-json\/wp\/v2\/tags?post=93661"}],"curies":[{"name":"wp","href":"https:\/\/api.w.org\/{rel}","templated":true}]}}