{"id":93659,"date":"2016-08-25T06:46:36","date_gmt":"2016-08-25T09:46:36","guid":{"rendered":"http:\/\/www.redenoticia.com.br\/noticia\/?p=93659"},"modified":"2016-08-24T18:47:38","modified_gmt":"2016-08-24T21:47:38","slug":"indice-de-confianca-do-comercio-cresce-em-agosto","status":"publish","type":"post","link":"https:\/\/www.redenoticia.com.br\/noticia\/2016\/indice-de-confianca-do-comercio-cresce-em-agosto\/93659","title":{"rendered":"\u00cdndice de Confian\u00e7a do Com\u00e9rcio cresce em agosto"},"content":{"rendered":"<p> O <strong><em>\u00cdndice de Confian\u00e7a do Empres\u00e1rio do Com\u00e9rcio<\/em><\/strong> (Icec), divulgado pela Confedera\u00e7\u00e3o Nacional do Com\u00e9rcio de Bens, Servi\u00e7os e Turismo (CNC), aumentou 1% em agosto, na compara\u00e7\u00e3o com julho, na s\u00e9rie com ajuste sazonal. Apesar da menor varia\u00e7\u00e3o, \u00e9 o quarto aumento mensal consecutivo, e o resultado foi influenciado pela melhora na avalia\u00e7\u00e3o das condi\u00e7\u00f5es correntes (+8,3%) e nas inten\u00e7\u00f5es de investimentos (+1,8%).<\/p>\n<p>Em rela\u00e7\u00e3o a julho do ano passado, o Icec aumentou 9,4%, segunda taxa positiva nessa base de compara\u00e7\u00e3o desde julho de 2013. No entanto, o \u00edndice ainda ficou em patamar abaixo do n\u00edvel de indiferen\u00e7a (100 pontos), reflexo da cont\u00ednua redu\u00e7\u00e3o das vendas e da atividade do com\u00e9rcio.<\/p>\n<p>De acordo com a economista Izis Ferreira, da CNC, a atividade do com\u00e9rcio ainda n\u00e3o mostra perspectiva de recupera\u00e7\u00e3o no curto prazo, embora haja diminui\u00e7\u00e3o no ritmo de queda das vendas. \u201cAs condi\u00e7\u00f5es do mercado de trabalho, com desemprego e elevado comprometimento da renda dos consumidores, seguem influenciando negativamente o consumo. Entretanto, a confian\u00e7a dos varejistas tem evolu\u00eddo positivamente, ap\u00f3s o indicador ter atingido a m\u00ednima hist\u00f3rica no fim do ano passado.&#8221;<\/p>\n<p>Otimismo moderado<\/p>\n<p>Al\u00e9m da alta mensal de 8,3% no subitem que mede as condi\u00e7\u00f5es correntes do Icec, a avalia\u00e7\u00e3o mostra melhora desde fevereiro deste ano na avalia\u00e7\u00e3o mensal dessazonalizada. Apesar disso, o \u00edndice continua em patamar muito baixo \u2013 no ano, teve a primeira varia\u00e7\u00e3o positiva (+9,4%) desde o in\u00edcio da s\u00e9rie hist\u00f3rica, em mar\u00e7o de 2011, a despeito de o \u00edndice base de compara\u00e7\u00e3o (agosto 2015) ter sido tamb\u00e9m muito baixo.<\/p>\n<p>Segundo a economista Izis Ferreira, os comerciantes est\u00e3o conseguindo ajustar os estoques. \u201cVerificamos a desacelera\u00e7\u00e3o na queda das vendas no varejo, mas no curto prazo ainda seguem ausentes fatores que indicam retomada do crescimento da atividade do com\u00e9rcio. As condi\u00e7\u00f5es ainda ruins do mercado de trabalho e o cr\u00e9dito caro mant\u00eam a demanda em n\u00edveis baixos e dificultam a recupera\u00e7\u00e3o mais r\u00e1pida do varejo\u201d.<\/p>\n<p>Douglas Corr\u00eaa &#8211; Rep\u00f3rter da Ag\u00eancia Brasil<br \/>\nEdi\u00e7\u00e3o: Maria Claudia<br \/>\n25\/08\/2016<\/p>\n","protected":false},"excerpt":{"rendered":"<p>O \u00cdndice de Confian\u00e7a do Empres\u00e1rio do Com\u00e9rcio (Icec), divulgado pela Confedera\u00e7\u00e3o Nacional do Com\u00e9rcio de Bens, Servi\u00e7os e Turismo (CNC), aumentou 1% em agosto, na compara\u00e7\u00e3o com julho, na s\u00e9rie com ajuste sazonal. Apesar da menor varia\u00e7\u00e3o, \u00e9 o quarto aumento mensal consecutivo, e o resultado foi influenciado pela melhora na avalia\u00e7\u00e3o das condi\u00e7\u00f5es [&hellip;]<\/p>\n","protected":false},"author":2,"featured_media":34966,"comment_status":"open","ping_status":"closed","sticky":false,"template":"","format":"standard","meta":{"_genesis_hide_title":false,"_genesis_hide_breadcrumbs":false,"_genesis_hide_singular_image":false,"_genesis_hide_footer_widgets":false,"_genesis_custom_body_class":"","_genesis_custom_post_class":"","_genesis_layout":"","_jetpack_memberships_contains_paid_content":false,"footnotes":""},"categories":[22,7],"tags":[],"class_list":{"0":"post-93659","1":"post","2":"type-post","3":"status-publish","4":"format-standard","5":"has-post-thumbnail","7":"category-brasil","8":"category-economia","9":"entry","10":"gs-1","11":"gs-odd","12":"gs-even","13":"gs-featured-content-entry"},"jetpack_featured_media_url":"https:\/\/www.redenoticia.com.br\/noticia\/imagens\/fim-da-sacola-plastica.jpg","jetpack_sharing_enabled":true,"jetpack_likes_enabled":true,"_links":{"self":[{"href":"https:\/\/www.redenoticia.com.br\/noticia\/wp-json\/wp\/v2\/posts\/93659","targetHints":{"allow":["GET"]}}],"collection":[{"href":"https:\/\/www.redenoticia.com.br\/noticia\/wp-json\/wp\/v2\/posts"}],"about":[{"href":"https:\/\/www.redenoticia.com.br\/noticia\/wp-json\/wp\/v2\/types\/post"}],"author":[{"embeddable":true,"href":"https:\/\/www.redenoticia.com.br\/noticia\/wp-json\/wp\/v2\/users\/2"}],"replies":[{"embeddable":true,"href":"https:\/\/www.redenoticia.com.br\/noticia\/wp-json\/wp\/v2\/comments?post=93659"}],"version-history":[{"count":0,"href":"https:\/\/www.redenoticia.com.br\/noticia\/wp-json\/wp\/v2\/posts\/93659\/revisions"}],"wp:featuredmedia":[{"embeddable":true,"href":"https:\/\/www.redenoticia.com.br\/noticia\/wp-json\/wp\/v2\/media\/34966"}],"wp:attachment":[{"href":"https:\/\/www.redenoticia.com.br\/noticia\/wp-json\/wp\/v2\/media?parent=93659"}],"wp:term":[{"taxonomy":"category","embeddable":true,"href":"https:\/\/www.redenoticia.com.br\/noticia\/wp-json\/wp\/v2\/categories?post=93659"},{"taxonomy":"post_tag","embeddable":true,"href":"https:\/\/www.redenoticia.com.br\/noticia\/wp-json\/wp\/v2\/tags?post=93659"}],"curies":[{"name":"wp","href":"https:\/\/api.w.org\/{rel}","templated":true}]}}