{"id":93657,"date":"2016-08-25T06:45:14","date_gmt":"2016-08-25T09:45:14","guid":{"rendered":"http:\/\/www.redenoticia.com.br\/noticia\/?p=93657"},"modified":"2016-08-24T18:46:24","modified_gmt":"2016-08-24T21:46:24","slug":"gastos-de-brasileiros-no-exterior-atingem-em-julho-menor-nivel-em-sete-anos","status":"publish","type":"post","link":"https:\/\/www.redenoticia.com.br\/noticia\/2016\/gastos-de-brasileiros-no-exterior-atingem-em-julho-menor-nivel-em-sete-anos\/93657","title":{"rendered":"Gastos de brasileiros no exterior atingem em julho menor n\u00edvel em sete anos"},"content":{"rendered":"<p> Mesmo com a queda do d\u00f3lar nos \u00faltimos meses, os <strong><em>gastos de turistas brasileiros no exterior<\/em><\/strong> atingiram em julho o menor n\u00edvel em sete anos. Segundo dados divulgados pelo Banco Central (BC), as despesas com viagens internacionais somaram US$ 1,362 bilh\u00e3o. O valor \u00e9 o menor para o m\u00eas desde julho de 2009 (US$ 1,044 bilh\u00e3o).<\/p>\n<p>Apesar da queda de 17,8% do d\u00f3lar de janeiro a julho, os gastos dos turistas brasileiros no exterior continuaram a diminuir em rela\u00e7\u00e3o ao ano passado. Nos sete primeiros meses do ano, os turistas brasileiros gastaram US$ 7,894 bilh\u00f5es fora do pa\u00eds. O montante \u00e9 32,05% inferior aos US$ 11,617 bilh\u00f5es registrados no mesmo per\u00edodo de 2015.<\/p>\n<p>Na compara\u00e7\u00e3o m\u00eas a m\u00eas, os gastos de turistas brasileiros no exterior ficaram praticamente est\u00e1veis em rela\u00e7\u00e3o a junho, quando as despesas haviam somado US$ 1,371 bilh\u00e3o. Ao longo de 2016, as despesas com viagens internacionais t\u00eam rondado a casa de US$ 1 bilh\u00e3o por m\u00eas, tendo somado US$ 839,6 milh\u00f5es em janeiro, US$ 841,2 milh\u00f5es em fevereiro, US$ 1,291 bilh\u00e3o em mar\u00e7o, US$ 1,076 bilh\u00e3o em abril e US$ 1,113 bilh\u00e3o em maio.<\/p>\n<p>Os gastos de turistas no exterior entram na conta de servi\u00e7os, um dos itens da conta de transa\u00e7\u00f5es correntes, que mede a vulnerabilidade do pa\u00eds a crises externas. A conta de viagens engloba tanto os gastos de brasileiros no exterior como os gastos de turistas estrangeiros no Brasil. De janeiro a julho, os estrangeiros gastaram US$ 3,622 bilh\u00f5es no Brasil, volume 6,2% maior que no ano passado.<\/p>\n<p>A conta ainda n\u00e3o inclui os gastos de turistas durante os Jogos Ol\u00edmpicos, cujos dados completos s\u00f3 ser\u00e3o divulgados pelo Banco Central no fim de setembro. Hoje o \u00f3rg\u00e3o liberou valores parciais para agosto. <\/p>\n<p>Wellton M\u00e1ximo \u2013 Rep\u00f3rter da Ag\u00eancia Brasil<br \/>\nEdi\u00e7\u00e3o: Juliana Andrade<br \/>\n25\/08\/2016<\/p>\n","protected":false},"excerpt":{"rendered":"<p>Mesmo com a queda do d\u00f3lar nos \u00faltimos meses, os gastos de turistas brasileiros no exterior atingiram em julho o menor n\u00edvel em sete anos. Segundo dados divulgados pelo Banco Central (BC), as despesas com viagens internacionais somaram US$ 1,362 bilh\u00e3o. O valor \u00e9 o menor para o m\u00eas desde julho de 2009 (US$ 1,044 [&hellip;]<\/p>\n","protected":false},"author":2,"featured_media":38938,"comment_status":"open","ping_status":"closed","sticky":false,"template":"","format":"standard","meta":{"_genesis_hide_title":false,"_genesis_hide_breadcrumbs":false,"_genesis_hide_singular_image":false,"_genesis_hide_footer_widgets":false,"_genesis_custom_body_class":"","_genesis_custom_post_class":"","_genesis_layout":"","_jetpack_memberships_contains_paid_content":false,"footnotes":""},"categories":[22,7],"tags":[],"class_list":{"0":"post-93657","1":"post","2":"type-post","3":"status-publish","4":"format-standard","5":"has-post-thumbnail","7":"category-brasil","8":"category-economia","9":"entry","10":"gs-1","11":"gs-odd","12":"gs-even","13":"gs-featured-content-entry"},"jetpack_featured_media_url":"https:\/\/www.redenoticia.com.br\/noticia\/imagens\/economia1.jpg","jetpack_sharing_enabled":true,"jetpack_likes_enabled":true,"_links":{"self":[{"href":"https:\/\/www.redenoticia.com.br\/noticia\/wp-json\/wp\/v2\/posts\/93657","targetHints":{"allow":["GET"]}}],"collection":[{"href":"https:\/\/www.redenoticia.com.br\/noticia\/wp-json\/wp\/v2\/posts"}],"about":[{"href":"https:\/\/www.redenoticia.com.br\/noticia\/wp-json\/wp\/v2\/types\/post"}],"author":[{"embeddable":true,"href":"https:\/\/www.redenoticia.com.br\/noticia\/wp-json\/wp\/v2\/users\/2"}],"replies":[{"embeddable":true,"href":"https:\/\/www.redenoticia.com.br\/noticia\/wp-json\/wp\/v2\/comments?post=93657"}],"version-history":[{"count":0,"href":"https:\/\/www.redenoticia.com.br\/noticia\/wp-json\/wp\/v2\/posts\/93657\/revisions"}],"wp:featuredmedia":[{"embeddable":true,"href":"https:\/\/www.redenoticia.com.br\/noticia\/wp-json\/wp\/v2\/media\/38938"}],"wp:attachment":[{"href":"https:\/\/www.redenoticia.com.br\/noticia\/wp-json\/wp\/v2\/media?parent=93657"}],"wp:term":[{"taxonomy":"category","embeddable":true,"href":"https:\/\/www.redenoticia.com.br\/noticia\/wp-json\/wp\/v2\/categories?post=93657"},{"taxonomy":"post_tag","embeddable":true,"href":"https:\/\/www.redenoticia.com.br\/noticia\/wp-json\/wp\/v2\/tags?post=93657"}],"curies":[{"name":"wp","href":"https:\/\/api.w.org\/{rel}","templated":true}]}}