{"id":93655,"date":"2016-08-25T06:43:58","date_gmt":"2016-08-25T09:43:58","guid":{"rendered":"http:\/\/www.redenoticia.com.br\/noticia\/?p=93655"},"modified":"2016-08-24T18:45:08","modified_gmt":"2016-08-24T21:45:08","slug":"deficit-nas-contas-externas-em-julho-atinge-menor-nivel-em-sete-anos","status":"publish","type":"post","link":"https:\/\/www.redenoticia.com.br\/noticia\/2016\/deficit-nas-contas-externas-em-julho-atinge-menor-nivel-em-sete-anos\/93655","title":{"rendered":"D\u00e9ficit nas contas externas em julho atinge menor n\u00edvel em sete anos"},"content":{"rendered":"<p> O aumento das exporta\u00e7\u00f5es e a redu\u00e7\u00e3o das importa\u00e7\u00f5es e dos gastos de brasileiros no exterior fez o <strong><em>d\u00e9ficit nas contas externas<\/em><\/strong> fechar julho no menor n\u00edvel para o m\u00eas desde 2009. Segundo dados divulgados pelo Banco Central (BC), a conta de transa\u00e7\u00f5es correntes fechou o m\u00eas passado com resultado negativo de US$ 4,05 bilh\u00f5es.<\/p>\n<p>A \u00faltima vez em que o d\u00e9ficit tinha ficado em n\u00edvel inferior para meses de julho tinha sido em 2009, quando o indicador tinha registrado resultado negativo de US$ 2,555 bilh\u00f5es. No acumulado de 12 meses, as contas externas t\u00eam d\u00e9ficit de US$ 27,9 bilh\u00f5es, o equivalente a 1,57% do Produto Interno Bruto (PIB, soma das riquezas produzidas no pa\u00eds). O percentual \u00e9 o menor registrado desde novembro de 2009.<\/p>\n<p>As transa\u00e7\u00f5es correntes ou contas externas englobam o saldo da balan\u00e7a comercial (exporta\u00e7\u00f5es menos importa\u00e7\u00f5es), a conta de servi\u00e7os (entrada e sa\u00edda de servi\u00e7os entre o Brasil e o exterior), a conta de rendas (que inclui remessas de lucros e pagamento de juros e dividendos) e as transfer\u00eancias unilaterais (que englobam doa\u00e7\u00f5es de emigrantes e de organiza\u00e7\u00f5es n\u00e3o governamentais).<\/p>\n<p>O indicador mede a vulnerabilidade do pa\u00eds a crises internacionais. Quanto menor o d\u00e9ficit, menos o pa\u00eds \u00e9 afetado por uma eventual fuga de capitais. Para este ano, o Banco Central projeta d\u00e9ficit de US$ 16 bilh\u00f5es nas contas externas. A estimativa s\u00f3 ser\u00e1 revisada em setembro.<\/p>\n<p>Os d\u00e9ficits nas contas externas s\u00e3o cobertos por meio dos investimentos estrangeiros diretos, quando empresas estrangeiras abrem neg\u00f3cios e criam empregos no pa\u00eds, e pelos investimentos em carteira, que abrangem o mercado financeiro e s\u00e3o a conta que registram maior volume de fuga em meio a crises internacionais.<\/p>\n<p>Os investimentos estrangeiros diretos somaram US$ 33,894 bilh\u00f5es de janeiro a julho, montante 8,2% inferior ao registrado no mesmo per\u00edodo do ano passado. Para o ano, o Banco Central projeta investimento estrangeiros diretos de US$ 70 bilh\u00f5es, volume um pouco menor que os US$ 75,1 bilh\u00f5es registrados em 2015.<\/p>\n<p>Wellton M\u00e1ximo \u2013 Rep\u00f3rter da Ag\u00eancia Brasil<br \/>\nEdi\u00e7\u00e3o: Maria Claudia<br \/>\n25\/08\/2016<\/p>\n","protected":false},"excerpt":{"rendered":"<p>O aumento das exporta\u00e7\u00f5es e a redu\u00e7\u00e3o das importa\u00e7\u00f5es e dos gastos de brasileiros no exterior fez o d\u00e9ficit nas contas externas fechar julho no menor n\u00edvel para o m\u00eas desde 2009. Segundo dados divulgados pelo Banco Central (BC), a conta de transa\u00e7\u00f5es correntes fechou o m\u00eas passado com resultado negativo de US$ 4,05 bilh\u00f5es. [&hellip;]<\/p>\n","protected":false},"author":2,"featured_media":57585,"comment_status":"open","ping_status":"closed","sticky":false,"template":"","format":"standard","meta":{"_genesis_hide_title":false,"_genesis_hide_breadcrumbs":false,"_genesis_hide_singular_image":false,"_genesis_hide_footer_widgets":false,"_genesis_custom_body_class":"","_genesis_custom_post_class":"","_genesis_layout":"","_jetpack_memberships_contains_paid_content":false,"footnotes":""},"categories":[22,7],"tags":[],"class_list":{"0":"post-93655","1":"post","2":"type-post","3":"status-publish","4":"format-standard","5":"has-post-thumbnail","7":"category-brasil","8":"category-economia","9":"entry","10":"gs-1","11":"gs-odd","12":"gs-even","13":"gs-featured-content-entry"},"jetpack_featured_media_url":"https:\/\/www.redenoticia.com.br\/noticia\/imagens\/analise-economia.jpg","jetpack_sharing_enabled":true,"jetpack_likes_enabled":true,"_links":{"self":[{"href":"https:\/\/www.redenoticia.com.br\/noticia\/wp-json\/wp\/v2\/posts\/93655","targetHints":{"allow":["GET"]}}],"collection":[{"href":"https:\/\/www.redenoticia.com.br\/noticia\/wp-json\/wp\/v2\/posts"}],"about":[{"href":"https:\/\/www.redenoticia.com.br\/noticia\/wp-json\/wp\/v2\/types\/post"}],"author":[{"embeddable":true,"href":"https:\/\/www.redenoticia.com.br\/noticia\/wp-json\/wp\/v2\/users\/2"}],"replies":[{"embeddable":true,"href":"https:\/\/www.redenoticia.com.br\/noticia\/wp-json\/wp\/v2\/comments?post=93655"}],"version-history":[{"count":0,"href":"https:\/\/www.redenoticia.com.br\/noticia\/wp-json\/wp\/v2\/posts\/93655\/revisions"}],"wp:featuredmedia":[{"embeddable":true,"href":"https:\/\/www.redenoticia.com.br\/noticia\/wp-json\/wp\/v2\/media\/57585"}],"wp:attachment":[{"href":"https:\/\/www.redenoticia.com.br\/noticia\/wp-json\/wp\/v2\/media?parent=93655"}],"wp:term":[{"taxonomy":"category","embeddable":true,"href":"https:\/\/www.redenoticia.com.br\/noticia\/wp-json\/wp\/v2\/categories?post=93655"},{"taxonomy":"post_tag","embeddable":true,"href":"https:\/\/www.redenoticia.com.br\/noticia\/wp-json\/wp\/v2\/tags?post=93655"}],"curies":[{"name":"wp","href":"https:\/\/api.w.org\/{rel}","templated":true}]}}