{"id":93552,"date":"2016-08-24T06:10:17","date_gmt":"2016-08-24T09:10:17","guid":{"rendered":"http:\/\/www.redenoticia.com.br\/noticia\/?p=93552"},"modified":"2016-08-23T19:13:57","modified_gmt":"2016-08-23T22:13:57","slug":"ipc-s-tem-variacao-de-039-na-terceira-semana-do-mes-diz-fgv","status":"publish","type":"post","link":"https:\/\/www.redenoticia.com.br\/noticia\/2016\/ipc-s-tem-variacao-de-039-na-terceira-semana-do-mes-diz-fgv\/93552","title":{"rendered":"IPC-S tem varia\u00e7\u00e3o de 0,39% na terceira semana do m\u00eas, diz FGV"},"content":{"rendered":"<p> O <strong><em>\u00cdndice de Pre\u00e7os ao Consumidor Semanal<\/em><\/strong> (IPC-S) registrou varia\u00e7\u00e3o de 0,39% na terceira semana de agosto, 0,09 ponto percentual abaixo da taxa de 0,47% da segunda apura\u00e7\u00e3o do m\u00eas, feita pela Funda\u00e7\u00e3o Getulio Vargas. Cinco das oito classes de despesa componentes do \u00edndice apresentaram decr\u00e9scimo em suas taxas de varia\u00e7\u00e3o.<\/p>\n<p>O levantamento foi feito em Recife, Salvador, Rio de Janeiro, S\u00e3o Paulo, Belo Horizonte, Bras\u00edlia e Porto Alegre.<\/p>\n<p>A maior contribui\u00e7\u00e3o partiu do grupo transportes (0,36% para 0,18%), com destaque para gasolina, que passou de 0,82% para -0,01%. Tamb\u00e9m houve decr\u00e9scimo nos grupos sa\u00fade e cuidados pessoais (0,91% para 0,67%), vestu\u00e1rio (0,32% para -0,06%), comunica\u00e7\u00e3o (0,55% para 0,32%) e despesas diversas (0,19% para 0,03%).<\/p>\n<p>Entre os destaques nessas classes, aparecem artigos de higiene e cuidado pessoal (2,58% para 1,57%), roupas (0,28% para -0,06%), tarifa de telefone m\u00f3vel (1,86% para 1,30%) e tarifa postal (3,53% para 1,44%).<\/p>\n<p>No sentido contr\u00e1rio, com acr\u00e9scimo nas taxas, figuram os grupos alimenta\u00e7\u00e3o (0,69% para 0,70%) e educa\u00e7\u00e3o, leitura e recrea\u00e7\u00e3o (1,10% para 1,11%). As maiores contribui\u00e7\u00f5es nestas classes de despesa ficam por conta de frutas (-0,07% para 2,43%) e passeios e f\u00e9rias (-1,51% para -1,30%).<\/p>\n<p>Flavia Albuquerque &#8211; Rep\u00f3rter da Ag\u00eancia Brasil<br \/>\nEdi\u00e7\u00e3o: Kleber Sampaio<br \/>\n24\/08\/2016<\/p>\n","protected":false},"excerpt":{"rendered":"<p>O \u00cdndice de Pre\u00e7os ao Consumidor Semanal (IPC-S) registrou varia\u00e7\u00e3o de 0,39% na terceira semana de agosto, 0,09 ponto percentual abaixo da taxa de 0,47% da segunda apura\u00e7\u00e3o do m\u00eas, feita pela Funda\u00e7\u00e3o Getulio Vargas. Cinco das oito classes de despesa componentes do \u00edndice apresentaram decr\u00e9scimo em suas taxas de varia\u00e7\u00e3o. O levantamento foi feito [&hellip;]<\/p>\n","protected":false},"author":2,"featured_media":57584,"comment_status":"open","ping_status":"closed","sticky":false,"template":"","format":"standard","meta":{"_genesis_hide_title":false,"_genesis_hide_breadcrumbs":false,"_genesis_hide_singular_image":false,"_genesis_hide_footer_widgets":false,"_genesis_custom_body_class":"","_genesis_custom_post_class":"","_genesis_layout":"","_jetpack_memberships_contains_paid_content":false,"footnotes":""},"categories":[22,7],"tags":[],"class_list":{"0":"post-93552","1":"post","2":"type-post","3":"status-publish","4":"format-standard","5":"has-post-thumbnail","7":"category-brasil","8":"category-economia","9":"entry","10":"gs-1","11":"gs-odd","12":"gs-even","13":"gs-featured-content-entry"},"jetpack_featured_media_url":"https:\/\/www.redenoticia.com.br\/noticia\/imagens\/economia-grafica-analise-inflacao.jpg","jetpack_sharing_enabled":true,"jetpack_likes_enabled":true,"_links":{"self":[{"href":"https:\/\/www.redenoticia.com.br\/noticia\/wp-json\/wp\/v2\/posts\/93552","targetHints":{"allow":["GET"]}}],"collection":[{"href":"https:\/\/www.redenoticia.com.br\/noticia\/wp-json\/wp\/v2\/posts"}],"about":[{"href":"https:\/\/www.redenoticia.com.br\/noticia\/wp-json\/wp\/v2\/types\/post"}],"author":[{"embeddable":true,"href":"https:\/\/www.redenoticia.com.br\/noticia\/wp-json\/wp\/v2\/users\/2"}],"replies":[{"embeddable":true,"href":"https:\/\/www.redenoticia.com.br\/noticia\/wp-json\/wp\/v2\/comments?post=93552"}],"version-history":[{"count":0,"href":"https:\/\/www.redenoticia.com.br\/noticia\/wp-json\/wp\/v2\/posts\/93552\/revisions"}],"wp:featuredmedia":[{"embeddable":true,"href":"https:\/\/www.redenoticia.com.br\/noticia\/wp-json\/wp\/v2\/media\/57584"}],"wp:attachment":[{"href":"https:\/\/www.redenoticia.com.br\/noticia\/wp-json\/wp\/v2\/media?parent=93552"}],"wp:term":[{"taxonomy":"category","embeddable":true,"href":"https:\/\/www.redenoticia.com.br\/noticia\/wp-json\/wp\/v2\/categories?post=93552"},{"taxonomy":"post_tag","embeddable":true,"href":"https:\/\/www.redenoticia.com.br\/noticia\/wp-json\/wp\/v2\/tags?post=93552"}],"curies":[{"name":"wp","href":"https:\/\/api.w.org\/{rel}","templated":true}]}}