{"id":93550,"date":"2016-08-24T06:08:48","date_gmt":"2016-08-24T09:08:48","guid":{"rendered":"http:\/\/www.redenoticia.com.br\/noticia\/?p=93550"},"modified":"2016-08-23T19:09:53","modified_gmt":"2016-08-23T22:09:53","slug":"pesquisa-da-fecomercio-indica-melhora-da-atividade-do-varejo-em-sao-paulo","status":"publish","type":"post","link":"https:\/\/www.redenoticia.com.br\/noticia\/2016\/pesquisa-da-fecomercio-indica-melhora-da-atividade-do-varejo-em-sao-paulo\/93550","title":{"rendered":"Pesquisa da Fecomercio indica melhora da atividade do varejo em S\u00e3o Paulo"},"content":{"rendered":"<p> Pelo quarto m\u00eas consecutivo, o n\u00edvel de estoques do com\u00e9rcio varejista da regi\u00e3o metropolitana de S\u00e3o Paulo aumentou em agosto, ficando 2,3% acima do registrado em julho, ao passar de 99,3 para 101,6 pontos. Na compara\u00e7\u00e3o com ao mesmo per\u00edodo do ano passado, ocorreu avan\u00e7o de 6,4%. \u00c9 o que aponta a pesquisa sobre o <strong><em>\u00edndice de estoques<\/em><\/strong>, da Federa\u00e7\u00e3o do Com\u00e9rcio de Bens, Servi\u00e7os e Turismo do Estado de S\u00e3o Paulo (FecomercioSP).<\/p>\n<p>Em uma escala que varia de 0 (inadequa\u00e7\u00e3o total) a 200 pontos (adequa\u00e7\u00e3o total), a marca de 100 pontos \u00e9 o limite entre inadequa\u00e7\u00e3o e adequa\u00e7\u00e3o. O levantamento feito com 600 empres\u00e1rios mostra que, entre julho e agosto, ocorreu uma pequena queda na parcela que est\u00e1 com os estoques acima do adequado (de 36,8% para 35,5%).<\/p>\n<p>Tamb\u00e9m houve leve recuo na propor\u00e7\u00e3o dos que relataram estoque baixo (de 13,6% em julho para 13,4% em agosto).<\/p>\n<p>Mais da metade (50,5%) responderam que est\u00e3o com os estoques em n\u00edvel adequado. Esse percentual \u00e9 0,8 ponto percentual maior do que o de julho e 2,9 pontos percentuais superior ao de agosto do ano passado. \u00c9 a primeira vez desde julho de 2015 que o \u00edndice superou os 50%.<\/p>\n<p>Por meio de nota, a assessoria econ\u00f4mica da FecomercioSP destaca que esse resultado mostra uma melhora e indica \u201c maior seguran\u00e7a para apostar na retomada da atividade econ\u00f4mica em m\u00e9dio e longo prazo\u201d. Em sua an\u00e1lise, a federa\u00e7\u00e3o observa, por\u00e9m, que houve uma redu\u00e7\u00e3o modesta nos estoques excessivos. A entidade apontou ainda que o momento \u00e9 \u201ccrucial para o varejo, quando se come\u00e7a a pensar nas vendas de Natal\u201d.<\/p>\n<p>O comunicado destaca que, ao contr\u00e1rio das expectativas de resultado negativos para este ano, o comportamento do mercado vem melhorando h\u00e1 quatro meses, o que indica uma tend\u00eancia de recupera\u00e7\u00e3o em 2017.<\/p>\n<p>\u201cO quadro tende a ficar mais favor\u00e1vel \u00e0 medida que as pol\u00edticas de equil\u00edbrio macroecon\u00f4mico forem sendo implementadas e, com isso, mais empres\u00e1rios tenham confian\u00e7a em investir no Brasil, gerando emprego, renda e consumo\u201d, diz a nota. A expectativa da FecomercioSP \u00e9 a de um Natal com vendas acima das de 2015.<\/p>\n<p>Marli Moreira &#8211; Rep\u00f3rter da Ag\u00eancia Brasil<br \/>\nEdi\u00e7\u00e3o: Juliana Andrade<br \/>\n24\/08\/2016<\/p>\n","protected":false},"excerpt":{"rendered":"<p>Pelo quarto m\u00eas consecutivo, o n\u00edvel de estoques do com\u00e9rcio varejista da regi\u00e3o metropolitana de S\u00e3o Paulo aumentou em agosto, ficando 2,3% acima do registrado em julho, ao passar de 99,3 para 101,6 pontos. Na compara\u00e7\u00e3o com ao mesmo per\u00edodo do ano passado, ocorreu avan\u00e7o de 6,4%. \u00c9 o que aponta a pesquisa sobre o [&hellip;]<\/p>\n","protected":false},"author":2,"featured_media":57583,"comment_status":"open","ping_status":"closed","sticky":false,"template":"","format":"standard","meta":{"_genesis_hide_title":false,"_genesis_hide_breadcrumbs":false,"_genesis_hide_singular_image":false,"_genesis_hide_footer_widgets":false,"_genesis_custom_body_class":"","_genesis_custom_post_class":"","_genesis_layout":"","_jetpack_memberships_contains_paid_content":false,"footnotes":""},"categories":[22,7],"tags":[],"class_list":{"0":"post-93550","1":"post","2":"type-post","3":"status-publish","4":"format-standard","5":"has-post-thumbnail","7":"category-brasil","8":"category-economia","9":"entry","10":"gs-1","11":"gs-odd","12":"gs-even","13":"gs-featured-content-entry"},"jetpack_featured_media_url":"https:\/\/www.redenoticia.com.br\/noticia\/imagens\/economia-grafico.jpg","jetpack_sharing_enabled":true,"jetpack_likes_enabled":true,"_links":{"self":[{"href":"https:\/\/www.redenoticia.com.br\/noticia\/wp-json\/wp\/v2\/posts\/93550","targetHints":{"allow":["GET"]}}],"collection":[{"href":"https:\/\/www.redenoticia.com.br\/noticia\/wp-json\/wp\/v2\/posts"}],"about":[{"href":"https:\/\/www.redenoticia.com.br\/noticia\/wp-json\/wp\/v2\/types\/post"}],"author":[{"embeddable":true,"href":"https:\/\/www.redenoticia.com.br\/noticia\/wp-json\/wp\/v2\/users\/2"}],"replies":[{"embeddable":true,"href":"https:\/\/www.redenoticia.com.br\/noticia\/wp-json\/wp\/v2\/comments?post=93550"}],"version-history":[{"count":0,"href":"https:\/\/www.redenoticia.com.br\/noticia\/wp-json\/wp\/v2\/posts\/93550\/revisions"}],"wp:featuredmedia":[{"embeddable":true,"href":"https:\/\/www.redenoticia.com.br\/noticia\/wp-json\/wp\/v2\/media\/57583"}],"wp:attachment":[{"href":"https:\/\/www.redenoticia.com.br\/noticia\/wp-json\/wp\/v2\/media?parent=93550"}],"wp:term":[{"taxonomy":"category","embeddable":true,"href":"https:\/\/www.redenoticia.com.br\/noticia\/wp-json\/wp\/v2\/categories?post=93550"},{"taxonomy":"post_tag","embeddable":true,"href":"https:\/\/www.redenoticia.com.br\/noticia\/wp-json\/wp\/v2\/tags?post=93550"}],"curies":[{"name":"wp","href":"https:\/\/api.w.org\/{rel}","templated":true}]}}