{"id":93546,"date":"2016-08-24T06:05:46","date_gmt":"2016-08-24T09:05:46","guid":{"rendered":"http:\/\/www.redenoticia.com.br\/noticia\/?p=93546"},"modified":"2016-08-23T19:07:21","modified_gmt":"2016-08-23T22:07:21","slug":"receita-anuncia-fiscalizacao-rigorosa-de-contribuintes-que-deixaram-o-pais","status":"publish","type":"post","link":"https:\/\/www.redenoticia.com.br\/noticia\/2016\/receita-anuncia-fiscalizacao-rigorosa-de-contribuintes-que-deixaram-o-pais\/93546","title":{"rendered":"Receita anuncia fiscaliza\u00e7\u00e3o rigorosa de contribuintes que deixaram o pa\u00eds"},"content":{"rendered":"<p> A Receita Federal em S\u00e3o Paulo anunciou que intensificou a fiscaliza\u00e7\u00e3o de <strong><em>contribuintes que sa\u00edram do Brasil<\/em><\/strong> apenas como forma de sonegar tributos. Dentre os contribuintes que deixaram o pa\u00eds de 2015 a 2016, j\u00e1 foram abertas 91 fiscaliza\u00e7\u00f5es, que resultaram em autua\u00e7\u00f5es superiores a R$ 112 milh\u00f5es.<\/p>\n<p>Apenas nos sete primeiros meses de 2016, mais de 6 mil pessoas apresentaram, no estado de S\u00e3o Paulo, declara\u00e7\u00e3o de sa\u00edda definitiva do pa\u00eds. Esse quantitativo vem aumentando de forma crescente, j\u00e1 que, durante todo o ano de 2015, foram 4.594 declara\u00e7\u00f5es, pelos dados da Receita. Em 2014, 3.569 contribuintes paulistas apresentaram a declara\u00e7\u00e3o de sa\u00edda definitiva. Em 2013, foram 3.141 e, em 2012, 2.759.<\/p>\n<p>De acordo com o \u00f3rg\u00e3o, a maioria dessas pessoas \u00e9 formada por empregados de empresas do setor privado, seguida por dirigentes, presidentes ou diretores de empresas industriais, comerciais ou de presta\u00e7\u00e3o de servi\u00e7os e por propriet\u00e1rios de empresas ou firmas individuais. Os n\u00fameros mostram ainda que 25% dos declarantes sequer informaram a ocupa\u00e7\u00e3o principal.<\/p>\n<p>Ainda que grande parte dos pedidos refira-se, efetivamente, a pessoas que decidiram deixar o pa\u00eds, a Receita Federal verificou que existe, neste universo, um pequeno n\u00famero de contribuintes que usam essa declara\u00e7\u00e3o apenas como forma de sonegar tributo, pois n\u00e3o deixam de fato o Brasil.<\/p>\n<p>Para a Receita, a presenta\u00e7\u00e3o da declara\u00e7\u00e3o definitiva \u00e9 apenas uma estrat\u00e9gia desses contribuintes para sair do foco da fiscaliza\u00e7\u00e3o. Em outros casos, a pessoa residiu durante algum tempo no exterior, mas passou a maior parte do tempo no Brasil, tendo sua principal resid\u00eancia, fam\u00edlia e interesses no Brasil.<\/p>\n<p>A Receita diz tamb\u00e9m que em alguns casos de fraudes o contribuinte informa durante anos que n\u00e3o tem rendas ou bens no Brasil. De repente, muda para o exterior e l\u00e1 consegue, em um curto per\u00edodo de tempo, ganhar milh\u00f5es de reais. Passados cinco anos, retorna ao Pa\u00eds com os bens \u201cque acumulou fora\u201d. Fraudes como essas est\u00e3o no foco do Fisco e a troca de informa\u00e7\u00f5es cada vez mais intensa entre os pa\u00edses \u00e9 uma importante ferramenta para combater fraudes.<\/p>\n<p>Os t\u00e9cnicos lembram que, quando s\u00e3o verificadas omiss\u00f5es de recolhimento de tributos, os valores devidos s\u00e3o cobrados com acr\u00e9scimo de juros (calculados de acordo com a taxa b\u00e1sica de juros &#8211; Selic) e multa (que pode chegar a 225% dos valores sonegados). Al\u00e9m disso, os bens dos contribuintes podem ser objeto de arrolamento ou cautelares fiscais, ficando eles sujeitos, ainda, a responder, no \u00e2mbito criminal, pelos crimes de sonega\u00e7\u00e3o fiscal, falsidade ideol\u00f3gica, evas\u00e3o de divisas e lavagem de dinheiro &#8211; crime este cuja prescri\u00e7\u00e3o \u00e9 de 16 anos.<\/p>\n<p>Da Ag\u00eancia Brasil<br \/>\nEdi\u00e7\u00e3o: Denise Griesinger<br \/>\n24\/08\/2016<\/p>\n","protected":false},"excerpt":{"rendered":"<p>A Receita Federal em S\u00e3o Paulo anunciou que intensificou a fiscaliza\u00e7\u00e3o de contribuintes que sa\u00edram do Brasil apenas como forma de sonegar tributos. Dentre os contribuintes que deixaram o pa\u00eds de 2015 a 2016, j\u00e1 foram abertas 91 fiscaliza\u00e7\u00f5es, que resultaram em autua\u00e7\u00f5es superiores a R$ 112 milh\u00f5es. Apenas nos sete primeiros meses de 2016, [&hellip;]<\/p>\n","protected":false},"author":2,"featured_media":23889,"comment_status":"open","ping_status":"closed","sticky":false,"template":"","format":"standard","meta":{"_genesis_hide_title":false,"_genesis_hide_breadcrumbs":false,"_genesis_hide_singular_image":false,"_genesis_hide_footer_widgets":false,"_genesis_custom_body_class":"","_genesis_custom_post_class":"","_genesis_layout":"","_jetpack_memberships_contains_paid_content":false,"footnotes":""},"categories":[22,7],"tags":[],"class_list":{"0":"post-93546","1":"post","2":"type-post","3":"status-publish","4":"format-standard","5":"has-post-thumbnail","7":"category-brasil","8":"category-economia","9":"entry","10":"gs-1","11":"gs-odd","12":"gs-even","13":"gs-featured-content-entry"},"jetpack_featured_media_url":"https:\/\/www.redenoticia.com.br\/noticia\/imagens\/receita-federal-irpf-2010.jpg","jetpack_sharing_enabled":true,"jetpack_likes_enabled":true,"_links":{"self":[{"href":"https:\/\/www.redenoticia.com.br\/noticia\/wp-json\/wp\/v2\/posts\/93546","targetHints":{"allow":["GET"]}}],"collection":[{"href":"https:\/\/www.redenoticia.com.br\/noticia\/wp-json\/wp\/v2\/posts"}],"about":[{"href":"https:\/\/www.redenoticia.com.br\/noticia\/wp-json\/wp\/v2\/types\/post"}],"author":[{"embeddable":true,"href":"https:\/\/www.redenoticia.com.br\/noticia\/wp-json\/wp\/v2\/users\/2"}],"replies":[{"embeddable":true,"href":"https:\/\/www.redenoticia.com.br\/noticia\/wp-json\/wp\/v2\/comments?post=93546"}],"version-history":[{"count":0,"href":"https:\/\/www.redenoticia.com.br\/noticia\/wp-json\/wp\/v2\/posts\/93546\/revisions"}],"wp:featuredmedia":[{"embeddable":true,"href":"https:\/\/www.redenoticia.com.br\/noticia\/wp-json\/wp\/v2\/media\/23889"}],"wp:attachment":[{"href":"https:\/\/www.redenoticia.com.br\/noticia\/wp-json\/wp\/v2\/media?parent=93546"}],"wp:term":[{"taxonomy":"category","embeddable":true,"href":"https:\/\/www.redenoticia.com.br\/noticia\/wp-json\/wp\/v2\/categories?post=93546"},{"taxonomy":"post_tag","embeddable":true,"href":"https:\/\/www.redenoticia.com.br\/noticia\/wp-json\/wp\/v2\/tags?post=93546"}],"curies":[{"name":"wp","href":"https:\/\/api.w.org\/{rel}","templated":true}]}}