{"id":93544,"date":"2016-08-24T06:04:26","date_gmt":"2016-08-24T09:04:26","guid":{"rendered":"http:\/\/www.redenoticia.com.br\/noticia\/?p=93544"},"modified":"2016-08-23T19:05:41","modified_gmt":"2016-08-23T22:05:41","slug":"procon-sp-faz-atendimento-especial-aos-endividados","status":"publish","type":"post","link":"https:\/\/www.redenoticia.com.br\/noticia\/2016\/procon-sp-faz-atendimento-especial-aos-endividados\/93544","title":{"rendered":"Procon-SP faz atendimento especial aos endividados"},"content":{"rendered":"<p> Pessoas que tem d\u00edvidas a serem negociadas podem tirar d\u00favidas e obter dicas no atendimento especial realizado pelo <strong><em>Programa de Apoio ao Superendividado<\/em><\/strong> do Procon-SP entre os dias 30 de agosto de 1\u00ba de setembro, nas depend\u00eancias da C\u00e2mara Municipal de S\u00e3o Paulo.<\/p>\n<p>Aquele consumidor que tiver mais de 30% dos seus rendimentos comprometidos com d\u00edvidas poder\u00e1 solicitar aos especialistas da Funda\u00e7\u00e3o a intermedia\u00e7\u00e3o na renegocia\u00e7\u00e3o junto a fornecedores. Para isso, \u00e9 preciso levar documentos pessoais, comprovante de rendimento e das d\u00edvidas acumuladas.<\/p>\n<p>O servi\u00e7o do Procon-SP teve aumento de 400% na procura e tamb\u00e9m est\u00e1 dispon\u00edvel pela internet (). Recentemente foi levado a todas as regi\u00f5es do Estado e agora ir\u00e1 percorrer bairros de S\u00e3o Paulo.<\/p>\n<p>SERVI\u00c7O<br \/>\nAtendimento especial do Procon-SP aos endividados<br \/>\nA\u00e7\u00e3o na C\u00e2mara Municipal<br \/>\nData: dias 30, 31 de agosto e 1\u00ba de setembro (de ter\u00e7a a quinta-feira)<br \/>\nHor\u00e1rio: das 9h \u00e0s 16h<br \/>\nLocal: Viaduto Jacare\u00ed 100 \u2013 Centro, em frente \u00e0 C\u00e2mara Municipal de S\u00e3o Paulo<\/p>\n<p>Do Portal do Governo do Estado SP<\/p>\n","protected":false},"excerpt":{"rendered":"<p>Pessoas que tem d\u00edvidas a serem negociadas podem tirar d\u00favidas e obter dicas no atendimento especial realizado pelo Programa de Apoio ao Superendividado do Procon-SP entre os dias 30 de agosto de 1\u00ba de setembro, nas depend\u00eancias da C\u00e2mara Municipal de S\u00e3o Paulo. Aquele consumidor que tiver mais de 30% dos seus rendimentos comprometidos com [&hellip;]<\/p>\n","protected":false},"author":2,"featured_media":40517,"comment_status":"open","ping_status":"closed","sticky":false,"template":"","format":"standard","meta":{"_genesis_hide_title":false,"_genesis_hide_breadcrumbs":false,"_genesis_hide_singular_image":false,"_genesis_hide_footer_widgets":false,"_genesis_custom_body_class":"","_genesis_custom_post_class":"","_genesis_layout":"","_jetpack_memberships_contains_paid_content":false,"footnotes":""},"categories":[22,7],"tags":[],"class_list":{"0":"post-93544","1":"post","2":"type-post","3":"status-publish","4":"format-standard","5":"has-post-thumbnail","7":"category-brasil","8":"category-economia","9":"entry","10":"gs-1","11":"gs-odd","12":"gs-even","13":"gs-featured-content-entry"},"jetpack_featured_media_url":"https:\/\/www.redenoticia.com.br\/noticia\/imagens\/economia-previsao.jpg","jetpack_sharing_enabled":true,"jetpack_likes_enabled":true,"_links":{"self":[{"href":"https:\/\/www.redenoticia.com.br\/noticia\/wp-json\/wp\/v2\/posts\/93544","targetHints":{"allow":["GET"]}}],"collection":[{"href":"https:\/\/www.redenoticia.com.br\/noticia\/wp-json\/wp\/v2\/posts"}],"about":[{"href":"https:\/\/www.redenoticia.com.br\/noticia\/wp-json\/wp\/v2\/types\/post"}],"author":[{"embeddable":true,"href":"https:\/\/www.redenoticia.com.br\/noticia\/wp-json\/wp\/v2\/users\/2"}],"replies":[{"embeddable":true,"href":"https:\/\/www.redenoticia.com.br\/noticia\/wp-json\/wp\/v2\/comments?post=93544"}],"version-history":[{"count":0,"href":"https:\/\/www.redenoticia.com.br\/noticia\/wp-json\/wp\/v2\/posts\/93544\/revisions"}],"wp:featuredmedia":[{"embeddable":true,"href":"https:\/\/www.redenoticia.com.br\/noticia\/wp-json\/wp\/v2\/media\/40517"}],"wp:attachment":[{"href":"https:\/\/www.redenoticia.com.br\/noticia\/wp-json\/wp\/v2\/media?parent=93544"}],"wp:term":[{"taxonomy":"category","embeddable":true,"href":"https:\/\/www.redenoticia.com.br\/noticia\/wp-json\/wp\/v2\/categories?post=93544"},{"taxonomy":"post_tag","embeddable":true,"href":"https:\/\/www.redenoticia.com.br\/noticia\/wp-json\/wp\/v2\/tags?post=93544"}],"curies":[{"name":"wp","href":"https:\/\/api.w.org\/{rel}","templated":true}]}}