{"id":93472,"date":"2016-08-23T06:47:56","date_gmt":"2016-08-23T09:47:56","guid":{"rendered":"http:\/\/www.redenoticia.com.br\/noticia\/?p=93472"},"modified":"2016-08-22T22:49:12","modified_gmt":"2016-08-23T01:49:12","slug":"industria-da-construcao-continua-operando-em-ritmo-de-queda-diz-cni","status":"publish","type":"post","link":"https:\/\/www.redenoticia.com.br\/noticia\/2016\/industria-da-construcao-continua-operando-em-ritmo-de-queda-diz-cni\/93472","title":{"rendered":"Ind\u00fastria da constru\u00e7\u00e3o continua operando em ritmo de queda, diz CNI"},"content":{"rendered":"<p> A <strong><em>ind\u00fastria da constru\u00e7\u00e3o<\/em><\/strong> permanece operando abaixo do usual, mas ritmo de queda da atividade e do n\u00famero de empregados tem apresentado redu\u00e7\u00e3o, avaliou a Confedera\u00e7\u00e3o Nacional da Ind\u00fastria (CNI). De acordo com a Sondagem da Ind\u00fastria da Constru\u00e7\u00e3o (CNI) os indicadores de atividade (42,3 pontos) e de n\u00famero de empregados (39,7 pontos) cresceram 1,1 e 1,6 ponto, respectivamente, na passagem de junho para julho. \u201cApesar do aumento, os indicadores permanecem abaixo dos 50 pontos, o que indica queda do n\u00edvel de atividade e do n\u00famero de empregados em rela\u00e7\u00e3o ao m\u00eas anterior. Quanto mais abaixo dos 50 pontos, mais intensa e disseminada \u00e9 a queda\u201d, disse a CNI, no boletim da sondagem.<\/p>\n<p>A utiliza\u00e7\u00e3o da capacidade de opera\u00e7\u00e3o passou de 56% em junho para 57% em julho. A despeito do aumento, o \u00edndice permanece 8 pontos percentuais abaixo da m\u00e9dia hist\u00f3rica para o m\u00eas.<\/p>\n<p>Expectativas<\/p>\n<p>Para a CNI, as expectativas dos empres\u00e1rios est\u00e3o cada vez menos pessimistas. \u201cNa passagem de julho para agosto, todos os indicadores apresentaram alta, tend\u00eancia observada desde abril de 2016\u201d, disse a CNI.<\/p>\n<p>Os \u00edndices de expectativa do n\u00edvel de atividade (46,1) e de novos empreendimentos e servi\u00e7os (44,8) variaram 1,5 ponto e 3,4 pontos entre julho e agosto, respectivamente. Na mesma base de compara\u00e7\u00e3o, os indicadores de expectativa de compras de insumos e mat\u00e9rias-primas (44,3) e do n\u00famero de empregados (43,5) variaram 1,6 ponto e 1,5 ponto, respectivamente.<\/p>\n<p>Os \u00edndices de expectativa variam de 0 a 100 pontos. Valores abaixo dos 50 pontos indicam expectativa de queda.<\/p>\n<p>Investimentos<\/p>\n<p>A baixa utiliza\u00e7\u00e3o da capacidade instalada e a fraca atividade da ind\u00fastria da constru\u00e7\u00e3o desestimulam os empres\u00e1rios a investir. \u201cEmbora tenha aumentado de 25,3 pontos em julho para 26,8 pontos em agosto, a inten\u00e7\u00e3o de investimento permanece muito baixa\u201d, analisou a CNI.<\/p>\n<p>Da Ag\u00eancia Brasil<br \/>\nEdi\u00e7\u00e3o: Juliana Andrade<br \/>\n23\/08\/2016<\/p>\n","protected":false},"excerpt":{"rendered":"<p>A ind\u00fastria da constru\u00e7\u00e3o permanece operando abaixo do usual, mas ritmo de queda da atividade e do n\u00famero de empregados tem apresentado redu\u00e7\u00e3o, avaliou a Confedera\u00e7\u00e3o Nacional da Ind\u00fastria (CNI). De acordo com a Sondagem da Ind\u00fastria da Constru\u00e7\u00e3o (CNI) os indicadores de atividade (42,3 pontos) e de n\u00famero de empregados (39,7 pontos) cresceram 1,1 [&hellip;]<\/p>\n","protected":false},"author":2,"featured_media":57583,"comment_status":"open","ping_status":"closed","sticky":false,"template":"","format":"standard","meta":{"_genesis_hide_title":false,"_genesis_hide_breadcrumbs":false,"_genesis_hide_singular_image":false,"_genesis_hide_footer_widgets":false,"_genesis_custom_body_class":"","_genesis_custom_post_class":"","_genesis_layout":"","_jetpack_memberships_contains_paid_content":false,"footnotes":""},"categories":[22,7],"tags":[],"class_list":{"0":"post-93472","1":"post","2":"type-post","3":"status-publish","4":"format-standard","5":"has-post-thumbnail","7":"category-brasil","8":"category-economia","9":"entry","10":"gs-1","11":"gs-odd","12":"gs-even","13":"gs-featured-content-entry"},"jetpack_featured_media_url":"https:\/\/www.redenoticia.com.br\/noticia\/imagens\/economia-grafico.jpg","jetpack_sharing_enabled":true,"jetpack_likes_enabled":true,"_links":{"self":[{"href":"https:\/\/www.redenoticia.com.br\/noticia\/wp-json\/wp\/v2\/posts\/93472","targetHints":{"allow":["GET"]}}],"collection":[{"href":"https:\/\/www.redenoticia.com.br\/noticia\/wp-json\/wp\/v2\/posts"}],"about":[{"href":"https:\/\/www.redenoticia.com.br\/noticia\/wp-json\/wp\/v2\/types\/post"}],"author":[{"embeddable":true,"href":"https:\/\/www.redenoticia.com.br\/noticia\/wp-json\/wp\/v2\/users\/2"}],"replies":[{"embeddable":true,"href":"https:\/\/www.redenoticia.com.br\/noticia\/wp-json\/wp\/v2\/comments?post=93472"}],"version-history":[{"count":0,"href":"https:\/\/www.redenoticia.com.br\/noticia\/wp-json\/wp\/v2\/posts\/93472\/revisions"}],"wp:featuredmedia":[{"embeddable":true,"href":"https:\/\/www.redenoticia.com.br\/noticia\/wp-json\/wp\/v2\/media\/57583"}],"wp:attachment":[{"href":"https:\/\/www.redenoticia.com.br\/noticia\/wp-json\/wp\/v2\/media?parent=93472"}],"wp:term":[{"taxonomy":"category","embeddable":true,"href":"https:\/\/www.redenoticia.com.br\/noticia\/wp-json\/wp\/v2\/categories?post=93472"},{"taxonomy":"post_tag","embeddable":true,"href":"https:\/\/www.redenoticia.com.br\/noticia\/wp-json\/wp\/v2\/tags?post=93472"}],"curies":[{"name":"wp","href":"https:\/\/api.w.org\/{rel}","templated":true}]}}