{"id":93470,"date":"2016-08-23T06:46:55","date_gmt":"2016-08-23T09:46:55","guid":{"rendered":"http:\/\/www.redenoticia.com.br\/noticia\/?p=93470"},"modified":"2016-08-23T13:06:08","modified_gmt":"2016-08-23T16:06:08","slug":"olimpiada-desacelera-venda-de-veiculos-diz-anfavea","status":"publish","type":"post","link":"https:\/\/www.redenoticia.com.br\/noticia\/2016\/olimpiada-desacelera-venda-de-veiculos-diz-anfavea\/93470","title":{"rendered":"Olimp\u00edada desacelera venda de ve\u00edculos, diz Anfavea"},"content":{"rendered":"<p> O presidente da Associa\u00e7\u00e3o Nacional dos Fabricantes de Ve\u00edculos Automotores (Anfavea), Antonio Megale, afirmou que as <strong><em>vendas de ve\u00edculos<\/em><\/strong> ao mercado interno apresentaram pequena desacelera\u00e7\u00e3o neste m\u00eas de agosto, passando da m\u00e9dia di\u00e1ria de 8 mil para 7,8 mil unidades. Para ele, esse desempenho mais fraco n\u00e3o \u00e9 uma tend\u00eancia de piora, apenas uma parada moment\u00e2nea dos neg\u00f3cios por conta da Olimp\u00edada Rio 2016.<\/p>\n<p>Com o t\u00e9rmino do evento, acredita Megale, o consumidor dever\u00e1 voltar a procurar as concession\u00e1rias e ajudar a manter a estabilidade. \u201cO crescimento ainda n\u00e3o ser\u00e1 robusto, mas esperamos que, a partir de em setembro ou mesmo final deste m\u00eas, o mercado volte a um n\u00edvel mais est\u00e1vel, com um cen\u00e1rio a caminho da recupera\u00e7\u00e3o\u201d, disse.<\/p>\n<p>Segundo o executivo, o setor ainda ter\u00e1 que vencer muitos desafios para voltar a crescer e registrar n\u00edveis recordes, como o de quatro anos atr\u00e1s, quando a comercializa\u00e7\u00e3o superou as 3,8 mil de unidades.<\/p>\n<p>Ao discursar na abertura do workshop Planejamento Automotivo 2017, no Hotel Sheraton WTC, Megale manteve as proje\u00e7\u00f5es de um recuo de 19% nas vendas de ve\u00edculos, que devem atingir 2,08 milh\u00f5es e de uma queda de 5,5% na produ\u00e7\u00e3o com um total de 2,3 milh\u00f5es de unidades.<\/p>\n<p>De acordo com a an\u00e1lise do presidente da Anfavea, o \u00eaxito da Olimp\u00edada trouxe de volta a autoestima dos brasileiros. Com as defini\u00e7\u00f5es pol\u00edticas em torno do processo de afastamento da presidenta Dilma Roussefff, o que se espera \u00e9 uma retomada da confian\u00e7a do consumidor, disse. Ele acredita que muitos est\u00e3o adiando a decis\u00e3o de compra por \u201cmedo da perda do emprego\u201d.<\/p>\n<p>Mas esse receio do consumidor n\u00e3o \u00e9 s\u00f3 uma quest\u00e3o de confian\u00e7a. O setor da ind\u00fastria automobil\u00edstica est\u00e1 com trabalhadores acima do que necessita para produzir. \u00c9 o caso, por exemplo, da Mercedes-Benz, que anunciou um excedente de 2,5 mil pessoas. Preocupado com as demiss\u00f5es, o ministro do Trabalho, Ronaldo Nogueira, discutiu o assunto na \u00faltima sexta-feira (19) com o presidente do Sindicato dos Metal\u00fargicos do ABC, Rafael Marques, e ficou de conversar com a montadora.<\/p>\n<p>Medidas para a retomada<\/p>\n<p>Na avalia\u00e7\u00e3o do presidente da Anfavea, a retomada da produ\u00e7\u00e3o e vendas no mercado dom\u00e9stico passa por um conjunto de medidas que v\u00e3o al\u00e9m da gradual expectativa de que o Produto Interno Bruto (PIB) volte a crescer. Uma dessas medidas \u00e9 a defini\u00e7\u00e3o do Programa de Sustentabilidade Veicular, em discuss\u00e3o entre governo e 19 entidades, que prev\u00ea a cria\u00e7\u00e3o de est\u00edmulos para a renova\u00e7\u00e3o da frota.<\/p>\n<p>Megale acredita que essa alternativa n\u00e3o ir\u00e1 penalizar aqueles que mant\u00e9m um carro antigo em bom estado. A medida \u201cn\u00e3o \u00e9 tirar o carro velho, mas tirar o carro sem condi\u00e7\u00f5es [de seguran\u00e7a no tr\u00e2nsito]. \u00c9 uma op\u00e7\u00e3o para aquela pessoa cuja \u00fanica solu\u00e7\u00e3o \u00e9 deixar o carro encostado em algum lugar. Ela poder\u00e1 transformar esse ve\u00edculo em b\u00f4nus para dar entrada em um carro novo\u201d, afirmou.<\/p>\n<p>Ele tamb\u00e9m informou que est\u00e1 em debate, inicialmente com os bancos p\u00fablicos, a possibilidade de capitalizar o setor de autope\u00e7as por meio de financiamento a custo mais baixo. Outra expectativa de melhora \u00e9 o desempenho das exporta\u00e7\u00f5es. O executivo lembrou que as recentes negocia\u00e7\u00f5es tem sido mais favor\u00e1veis no sentido de se estabelecer metas de escoamento. Na renova\u00e7\u00e3o, por exemplo, do acordo com a Argentina, o principal parceiro comercial em \u00e2mbito do Mercado Comum do Cone Sul (Mercosul), ao inv\u00e9s do prazo de dura\u00e7\u00e3o costumeiro de um ano, o contrato ser\u00e1 v\u00e1lido at\u00e9 2020. Quanto ao c\u00e2mbio, Megale disse que, mesmo tendo recuado nos \u00faltimos dias, ainda \u00e9 vantajoso vender para fora do pa\u00eds com a moeda norte-americana variando entre R$ 3,00 a R$ 3,50.<\/p>\n<p>Marli Moreira \u2013 Rep\u00f3rter da Ag\u00eancia Brasil<br \/>\nEdi\u00e7\u00e3o: Maria Claudia<br \/>\n23\/08\/2016<\/p>\n","protected":false},"excerpt":{"rendered":"<p>O presidente da Associa\u00e7\u00e3o Nacional dos Fabricantes de Ve\u00edculos Automotores (Anfavea), Antonio Megale, afirmou que as vendas de ve\u00edculos ao mercado interno apresentaram pequena desacelera\u00e7\u00e3o neste m\u00eas de agosto, passando da m\u00e9dia di\u00e1ria de 8 mil para 7,8 mil unidades. Para ele, esse desempenho mais fraco n\u00e3o \u00e9 uma tend\u00eancia de piora, apenas uma parada [&hellip;]<\/p>\n","protected":false},"author":2,"featured_media":35207,"comment_status":"open","ping_status":"closed","sticky":false,"template":"","format":"standard","meta":{"_genesis_hide_title":false,"_genesis_hide_breadcrumbs":false,"_genesis_hide_singular_image":false,"_genesis_hide_footer_widgets":false,"_genesis_custom_body_class":"","_genesis_custom_post_class":"","_genesis_layout":"","_jetpack_memberships_contains_paid_content":false,"footnotes":""},"categories":[22,7],"tags":[],"class_list":{"0":"post-93470","1":"post","2":"type-post","3":"status-publish","4":"format-standard","5":"has-post-thumbnail","7":"category-brasil","8":"category-economia","9":"entry","10":"gs-1","11":"gs-odd","12":"gs-even","13":"gs-featured-content-entry"},"jetpack_featured_media_url":"https:\/\/www.redenoticia.com.br\/noticia\/imagens\/transito-estradas.jpg","jetpack_sharing_enabled":true,"jetpack_likes_enabled":true,"_links":{"self":[{"href":"https:\/\/www.redenoticia.com.br\/noticia\/wp-json\/wp\/v2\/posts\/93470","targetHints":{"allow":["GET"]}}],"collection":[{"href":"https:\/\/www.redenoticia.com.br\/noticia\/wp-json\/wp\/v2\/posts"}],"about":[{"href":"https:\/\/www.redenoticia.com.br\/noticia\/wp-json\/wp\/v2\/types\/post"}],"author":[{"embeddable":true,"href":"https:\/\/www.redenoticia.com.br\/noticia\/wp-json\/wp\/v2\/users\/2"}],"replies":[{"embeddable":true,"href":"https:\/\/www.redenoticia.com.br\/noticia\/wp-json\/wp\/v2\/comments?post=93470"}],"version-history":[{"count":0,"href":"https:\/\/www.redenoticia.com.br\/noticia\/wp-json\/wp\/v2\/posts\/93470\/revisions"}],"wp:featuredmedia":[{"embeddable":true,"href":"https:\/\/www.redenoticia.com.br\/noticia\/wp-json\/wp\/v2\/media\/35207"}],"wp:attachment":[{"href":"https:\/\/www.redenoticia.com.br\/noticia\/wp-json\/wp\/v2\/media?parent=93470"}],"wp:term":[{"taxonomy":"category","embeddable":true,"href":"https:\/\/www.redenoticia.com.br\/noticia\/wp-json\/wp\/v2\/categories?post=93470"},{"taxonomy":"post_tag","embeddable":true,"href":"https:\/\/www.redenoticia.com.br\/noticia\/wp-json\/wp\/v2\/tags?post=93470"}],"curies":[{"name":"wp","href":"https:\/\/api.w.org\/{rel}","templated":true}]}}