{"id":93466,"date":"2016-08-23T06:44:06","date_gmt":"2016-08-23T09:44:06","guid":{"rendered":"http:\/\/www.redenoticia.com.br\/noticia\/?p=93466"},"modified":"2016-08-22T22:45:42","modified_gmt":"2016-08-23T01:45:42","slug":"mercado-diz-que-economia-crescera-12-em-2017","status":"publish","type":"post","link":"https:\/\/www.redenoticia.com.br\/noticia\/2016\/mercado-diz-que-economia-crescera-12-em-2017\/93466","title":{"rendered":"Mercado diz que economia crescer\u00e1 1,2% em 2017"},"content":{"rendered":"<p> Institui\u00e7\u00f5es financeiras consultadas pelo Banco Central (BC) informaram que a <strong><em>proje\u00e7\u00e3o de crescimento da economia<\/em><\/strong> brasileira em 2017 passou de 1,1% para 1,2%. Para 2016, elas mant\u00eam a estimativa de encolhimento da economia. A proje\u00e7\u00e3o de queda do Produto Interno Bruto (PIB), soma de todos os bens e servi\u00e7os produzidos no pa\u00eds, permanece em 3,20% para 2016. As estimativas fazem parte de pesquisa feita todas as semanas pelo BC sobre os principais indicadores da economia. O levantamento \u00e9 divulgado \u00e0s segundas-feiras no boletim Focus.<\/p>\n<p>A proje\u00e7\u00e3o das institui\u00e7\u00f5es financeiras para a infla\u00e7\u00e3o, medida pelo \u00cdndice Nacional de Pre\u00e7os ao Consumidor Amplo (IPCA), foi mantida em 7,31% este ano, e caiu de 5,14% para 5,12%, em 2017. As estimativas est\u00e3o distantes do centro da meta de infla\u00e7\u00e3o de 4,5%. Para 2016, a proje\u00e7\u00e3o ultrapassa tamb\u00e9m o limite superior da meta que \u00e9 6,5%. O teto da meta em 2017 \u00e9 6%.<\/p>\n<p>Infla\u00e7\u00e3o<\/p>\n<p>\u00c9 fun\u00e7\u00e3o do BC fazer com que a infla\u00e7\u00e3o fique dentro da meta. Um dos instrumentos usados para influenciar a atividade econ\u00f4mica e, consequentemente, a infla\u00e7\u00e3o, \u00e9 a taxa b\u00e1sica de juros, a Selic. Quando o Comit\u00ea de Pol\u00edtica Monet\u00e1ria (Copom) do Banco Central aumenta a Selic, a meta \u00e9 conter a demanda aquecida, e isso gera reflexos nos pre\u00e7os, porque os juros mais altos encarecem o cr\u00e9dito e estimulam a poupan\u00e7a.<\/p>\n<p>Quando o Copom reduz os juros b\u00e1sicos, a tend\u00eancia \u00e9 que o cr\u00e9dito fique mais barato, com incentivo \u00e0 produ\u00e7\u00e3o e ao consumo, mas a medida alivia o controle sobre a infla\u00e7\u00e3o. Atualmente, a Selic est\u00e1 em 14,25% ao ano.<\/p>\n<p>A expectativa das institui\u00e7\u00f5es financeiras para a taxa Selic permanece em 13,75% ao ano, ao final de 2016, e segue em 11% ao ano no fim de 2017. A proje\u00e7\u00e3o para a cota\u00e7\u00e3o do d\u00f3lar segue em R$ 3,30 ao final de 2016, e caiu de R$ 3,50 para R$ 3,45, no fim de 2017.<\/p>\n<p>Da Ag\u00eancia Brasil<br \/>\nEdi\u00e7\u00e3o: Kleber Sampaio<br \/>\n23\/08\/2016<\/p>\n","protected":false},"excerpt":{"rendered":"<p>Institui\u00e7\u00f5es financeiras consultadas pelo Banco Central (BC) informaram que a proje\u00e7\u00e3o de crescimento da economia brasileira em 2017 passou de 1,1% para 1,2%. Para 2016, elas mant\u00eam a estimativa de encolhimento da economia. A proje\u00e7\u00e3o de queda do Produto Interno Bruto (PIB), soma de todos os bens e servi\u00e7os produzidos no pa\u00eds, permanece em 3,20% [&hellip;]<\/p>\n","protected":false},"author":2,"featured_media":38938,"comment_status":"open","ping_status":"closed","sticky":false,"template":"","format":"standard","meta":{"_genesis_hide_title":false,"_genesis_hide_breadcrumbs":false,"_genesis_hide_singular_image":false,"_genesis_hide_footer_widgets":false,"_genesis_custom_body_class":"","_genesis_custom_post_class":"","_genesis_layout":"","_jetpack_memberships_contains_paid_content":false,"footnotes":""},"categories":[22,7],"tags":[],"class_list":{"0":"post-93466","1":"post","2":"type-post","3":"status-publish","4":"format-standard","5":"has-post-thumbnail","7":"category-brasil","8":"category-economia","9":"entry","10":"gs-1","11":"gs-odd","12":"gs-even","13":"gs-featured-content-entry"},"jetpack_featured_media_url":"https:\/\/www.redenoticia.com.br\/noticia\/imagens\/economia1.jpg","jetpack_sharing_enabled":true,"jetpack_likes_enabled":true,"_links":{"self":[{"href":"https:\/\/www.redenoticia.com.br\/noticia\/wp-json\/wp\/v2\/posts\/93466","targetHints":{"allow":["GET"]}}],"collection":[{"href":"https:\/\/www.redenoticia.com.br\/noticia\/wp-json\/wp\/v2\/posts"}],"about":[{"href":"https:\/\/www.redenoticia.com.br\/noticia\/wp-json\/wp\/v2\/types\/post"}],"author":[{"embeddable":true,"href":"https:\/\/www.redenoticia.com.br\/noticia\/wp-json\/wp\/v2\/users\/2"}],"replies":[{"embeddable":true,"href":"https:\/\/www.redenoticia.com.br\/noticia\/wp-json\/wp\/v2\/comments?post=93466"}],"version-history":[{"count":0,"href":"https:\/\/www.redenoticia.com.br\/noticia\/wp-json\/wp\/v2\/posts\/93466\/revisions"}],"wp:featuredmedia":[{"embeddable":true,"href":"https:\/\/www.redenoticia.com.br\/noticia\/wp-json\/wp\/v2\/media\/38938"}],"wp:attachment":[{"href":"https:\/\/www.redenoticia.com.br\/noticia\/wp-json\/wp\/v2\/media?parent=93466"}],"wp:term":[{"taxonomy":"category","embeddable":true,"href":"https:\/\/www.redenoticia.com.br\/noticia\/wp-json\/wp\/v2\/categories?post=93466"},{"taxonomy":"post_tag","embeddable":true,"href":"https:\/\/www.redenoticia.com.br\/noticia\/wp-json\/wp\/v2\/tags?post=93466"}],"curies":[{"name":"wp","href":"https:\/\/api.w.org\/{rel}","templated":true}]}}