{"id":93364,"date":"2016-08-22T06:31:43","date_gmt":"2016-08-22T09:31:43","guid":{"rendered":"http:\/\/www.redenoticia.com.br\/noticia\/?p=93364"},"modified":"2016-08-20T17:32:28","modified_gmt":"2016-08-20T20:32:28","slug":"roubo-de-cargas-aumenta-10-no-brasil-diz-pesquisa","status":"publish","type":"post","link":"https:\/\/www.redenoticia.com.br\/noticia\/2016\/roubo-de-cargas-aumenta-10-no-brasil-diz-pesquisa\/93364","title":{"rendered":"Roubo de cargas aumenta 10% no Brasil, diz pesquisa"},"content":{"rendered":"<p> As ocorr\u00eancias de <strong><em>roubo de carga<\/em><\/strong> cresceram 10% em 2015, na compara\u00e7\u00e3o com o ano anterior, segundo estudo da Associa\u00e7\u00e3o Nacional do Transporte de Cargas e Log\u00edstica. Foram 17,5 mil casos em 2014 contra 19,2 mil em 2015. O preju\u00edzo estimado \u00e9 de R$ 1,12 bilh\u00e3o em 2015.<\/p>\n<p>O Sudeste concentrou 85,76% dos casos, sendo que o estado de S\u00e3o Paulo teve o maior n\u00famero: 44,11%. O Rio de Janeiro foi o estado com maior aumento no \u00edndice, passando de 33,54% em 2014 para 37,54% em 2015.<\/p>\n<p>Mais roubadas<\/p>\n<p>As cargas mais visadas foram produtos aliment\u00edcios, cigarros, eletroeletr\u00f4nicos, produtos farmac\u00eauticos, produtos qu\u00edmicos, t\u00eaxteis, autope\u00e7as, combust\u00edveis e bebidas. O levantamento aponta diminui\u00e7\u00e3o no roubo de produtos metal\u00fargicos e aumento do roubo de bebidas.<\/p>\n<p>Nos \u00faltimos cinco anos, a incid\u00eancia de roubo de cargas no Brasil aumentou 48%, com um preju\u00edzo acumulado de R$ 5 bilh\u00f5es.<\/p>\n<p>O levantamento usou como base dados das Secretarias de Seguran\u00e7a dos estados, empresas seguradoras e transportadoras.<\/p>\n<p>Fernanda Cruz \u2013 Rep\u00f3rter da Ag\u00eancia Brasil<br \/>\nEdi\u00e7\u00e3o: Kleber Sampaio<br \/>\n22\/08\/2016<br \/>\n&#8212;<br \/>\nA Empresa Brasil de Comunica\u00e7\u00e3o \u00e9 uma institui\u00e7\u00e3o da democracia brasileira: p\u00fablica, inclusiva e cidad\u00e3. Criada em 2007 para fortalecer o sistema p\u00fablico de comunica\u00e7\u00e3o, \u00e9 gestora dos canais TV Brasil, TV Brasil Internacional, Ag\u00eancia Brasil, Radioag\u00eancia Nacional e do sistema p\u00fablico de R\u00e1dio \u2013 composto por oito emissoras. Estes, por sua independ\u00eancia editorial, distinguem-se dos canais estatais ou governamentais, com conte\u00fados diferenciados e complementares aos canais privados. Os ve\u00edculos da EBC t\u00eam autonomia para definir produ\u00e7\u00e3o, programa\u00e7\u00e3o e distribui\u00e7\u00e3o de conte\u00fados.<\/p>\n","protected":false},"excerpt":{"rendered":"<p>As ocorr\u00eancias de roubo de carga cresceram 10% em 2015, na compara\u00e7\u00e3o com o ano anterior, segundo estudo da Associa\u00e7\u00e3o Nacional do Transporte de Cargas e Log\u00edstica. Foram 17,5 mil casos em 2014 contra 19,2 mil em 2015. O preju\u00edzo estimado \u00e9 de R$ 1,12 bilh\u00e3o em 2015. O Sudeste concentrou 85,76% dos casos, sendo [&hellip;]<\/p>\n","protected":false},"author":2,"featured_media":57585,"comment_status":"open","ping_status":"closed","sticky":false,"template":"","format":"standard","meta":{"_genesis_hide_title":false,"_genesis_hide_breadcrumbs":false,"_genesis_hide_singular_image":false,"_genesis_hide_footer_widgets":false,"_genesis_custom_body_class":"","_genesis_custom_post_class":"","_genesis_layout":"","_jetpack_memberships_contains_paid_content":false,"footnotes":""},"categories":[22],"tags":[],"class_list":{"0":"post-93364","1":"post","2":"type-post","3":"status-publish","4":"format-standard","5":"has-post-thumbnail","7":"category-brasil","8":"entry","9":"gs-1","10":"gs-odd","11":"gs-even","12":"gs-featured-content-entry"},"jetpack_featured_media_url":"https:\/\/www.redenoticia.com.br\/noticia\/imagens\/analise-economia.jpg","jetpack_sharing_enabled":true,"jetpack_likes_enabled":true,"_links":{"self":[{"href":"https:\/\/www.redenoticia.com.br\/noticia\/wp-json\/wp\/v2\/posts\/93364","targetHints":{"allow":["GET"]}}],"collection":[{"href":"https:\/\/www.redenoticia.com.br\/noticia\/wp-json\/wp\/v2\/posts"}],"about":[{"href":"https:\/\/www.redenoticia.com.br\/noticia\/wp-json\/wp\/v2\/types\/post"}],"author":[{"embeddable":true,"href":"https:\/\/www.redenoticia.com.br\/noticia\/wp-json\/wp\/v2\/users\/2"}],"replies":[{"embeddable":true,"href":"https:\/\/www.redenoticia.com.br\/noticia\/wp-json\/wp\/v2\/comments?post=93364"}],"version-history":[{"count":0,"href":"https:\/\/www.redenoticia.com.br\/noticia\/wp-json\/wp\/v2\/posts\/93364\/revisions"}],"wp:featuredmedia":[{"embeddable":true,"href":"https:\/\/www.redenoticia.com.br\/noticia\/wp-json\/wp\/v2\/media\/57585"}],"wp:attachment":[{"href":"https:\/\/www.redenoticia.com.br\/noticia\/wp-json\/wp\/v2\/media?parent=93364"}],"wp:term":[{"taxonomy":"category","embeddable":true,"href":"https:\/\/www.redenoticia.com.br\/noticia\/wp-json\/wp\/v2\/categories?post=93364"},{"taxonomy":"post_tag","embeddable":true,"href":"https:\/\/www.redenoticia.com.br\/noticia\/wp-json\/wp\/v2\/tags?post=93364"}],"curies":[{"name":"wp","href":"https:\/\/api.w.org\/{rel}","templated":true}]}}