{"id":93362,"date":"2016-08-22T06:25:19","date_gmt":"2016-08-22T09:25:19","guid":{"rendered":"http:\/\/www.redenoticia.com.br\/noticia\/?p=93362"},"modified":"2016-08-20T17:31:38","modified_gmt":"2016-08-20T20:31:38","slug":"pesquisa-da-cni-diz-que-producao-industrial-e-empregos-tem-queda","status":"publish","type":"post","link":"https:\/\/www.redenoticia.com.br\/noticia\/2016\/pesquisa-da-cni-diz-que-producao-industrial-e-empregos-tem-queda\/93362","title":{"rendered":"Pesquisa da CNI diz que produ\u00e7\u00e3o industrial e empregos t\u00eam queda"},"content":{"rendered":"<p> A <strong><em>produ\u00e7\u00e3o industrial e o n\u00famero de empregados<\/em><\/strong> do setor ca\u00edram na passagem de junho para julho. \u00c9 o que mostra a Sondagem Industrial, divulgada pela Confedera\u00e7\u00e3o Nacional da Ind\u00fastria (CNI). O levantamento foi feito com 2.532 empresas entre 1\u00ba e 11 de agosto.<\/p>\n<p>O \u00edndice de evolu\u00e7\u00e3o da produ\u00e7\u00e3o industrial ficou em 46,6 pontos em julho de 2016, inalterado na compara\u00e7\u00e3o com junho. Segundo a CNI, como permanece abaixo dos 50 pontos, indica que a produ\u00e7\u00e3o caiu de junho para julho.<\/p>\n<p>O \u00edndice de evolu\u00e7\u00e3o do n\u00famero de empregados ficou praticamente est\u00e1vel em 45,1 pontos em rela\u00e7\u00e3o ao ano anterior. O valor indica nova queda do n\u00famero de empregados. \u201cRessalta-se, contudo, que o \u00edndice mostra tend\u00eancia de aumento desde fevereiro de 2016 e acumula crescimento de 3,7 no per\u00edodo. Ou seja, o ritmo de queda do n\u00famero de empregados est\u00e1 se reduzindo\u201d, destacou a CNI.<\/p>\n<p>Os \u00edndices de evolu\u00e7\u00e3o variam de 0 a 100 pontos. Valores abaixo dos 50 pontos indicam queda da produ\u00e7\u00e3o e do n\u00famero de empregados. Quanto mais abaixo dos 50 pontos, mais intensa e disseminada \u00e9 a queda.<\/p>\n<p>Compara\u00e7\u00f5es<\/p>\n<p>A utiliza\u00e7\u00e3o da capacidade instalada (UCI) subiu um ponto percentual em julho, na compara\u00e7\u00e3o com o m\u00eas anterior, ao chegar em 65%. A UCI de julho \u00e9 um ponto percentual inferior ao valor registrado em julho de 2015.<\/p>\n<p>O \u00edndice de evolu\u00e7\u00e3o de estoques ficou em 48,9 pontos, em julho, valor abaixo da linha divis\u00f3ria de 50 pontos, o que representa queda na compara\u00e7\u00e3o com junho.<\/p>\n<p>O \u00edndice de expectativa de demanda aumentou 2,1 pontos de julho para agosto e alcan\u00e7ou 55 pontos, o maior valor desde agosto de 2014.<\/p>\n<p>O \u00edndice de inten\u00e7\u00e3o de investimento ficou em 42 pontos. \u201cEmbora seja o maior valor do ano, o \u00edndice encontra-se 5,9 pontos abaixo de sua m\u00e9dia hist\u00f3rica\u201d, informou a CNI. O \u00edndice de inten\u00e7\u00e3o de investimentos varia de 0 a 100 pontos. Quanto maior o \u00edndice, maior \u00e9 a inten\u00e7\u00e3o de investir.<\/p>\n<p>Da Ag\u00eancia Brasil<br \/>\nEdi\u00e7\u00e3o: Kleber Sampaio<br \/>\n22\/08\/2016<\/p>\n","protected":false},"excerpt":{"rendered":"<p>A produ\u00e7\u00e3o industrial e o n\u00famero de empregados do setor ca\u00edram na passagem de junho para julho. \u00c9 o que mostra a Sondagem Industrial, divulgada pela Confedera\u00e7\u00e3o Nacional da Ind\u00fastria (CNI). O levantamento foi feito com 2.532 empresas entre 1\u00ba e 11 de agosto. O \u00edndice de evolu\u00e7\u00e3o da produ\u00e7\u00e3o industrial ficou em 46,6 pontos [&hellip;]<\/p>\n","protected":false},"author":2,"featured_media":57583,"comment_status":"open","ping_status":"closed","sticky":false,"template":"","format":"standard","meta":{"_genesis_hide_title":false,"_genesis_hide_breadcrumbs":false,"_genesis_hide_singular_image":false,"_genesis_hide_footer_widgets":false,"_genesis_custom_body_class":"","_genesis_custom_post_class":"","_genesis_layout":"","_jetpack_memberships_contains_paid_content":false,"footnotes":""},"categories":[22,7],"tags":[],"class_list":{"0":"post-93362","1":"post","2":"type-post","3":"status-publish","4":"format-standard","5":"has-post-thumbnail","7":"category-brasil","8":"category-economia","9":"entry","10":"gs-1","11":"gs-odd","12":"gs-even","13":"gs-featured-content-entry"},"jetpack_featured_media_url":"https:\/\/www.redenoticia.com.br\/noticia\/imagens\/economia-grafico.jpg","jetpack_sharing_enabled":true,"jetpack_likes_enabled":true,"_links":{"self":[{"href":"https:\/\/www.redenoticia.com.br\/noticia\/wp-json\/wp\/v2\/posts\/93362","targetHints":{"allow":["GET"]}}],"collection":[{"href":"https:\/\/www.redenoticia.com.br\/noticia\/wp-json\/wp\/v2\/posts"}],"about":[{"href":"https:\/\/www.redenoticia.com.br\/noticia\/wp-json\/wp\/v2\/types\/post"}],"author":[{"embeddable":true,"href":"https:\/\/www.redenoticia.com.br\/noticia\/wp-json\/wp\/v2\/users\/2"}],"replies":[{"embeddable":true,"href":"https:\/\/www.redenoticia.com.br\/noticia\/wp-json\/wp\/v2\/comments?post=93362"}],"version-history":[{"count":0,"href":"https:\/\/www.redenoticia.com.br\/noticia\/wp-json\/wp\/v2\/posts\/93362\/revisions"}],"wp:featuredmedia":[{"embeddable":true,"href":"https:\/\/www.redenoticia.com.br\/noticia\/wp-json\/wp\/v2\/media\/57583"}],"wp:attachment":[{"href":"https:\/\/www.redenoticia.com.br\/noticia\/wp-json\/wp\/v2\/media?parent=93362"}],"wp:term":[{"taxonomy":"category","embeddable":true,"href":"https:\/\/www.redenoticia.com.br\/noticia\/wp-json\/wp\/v2\/categories?post=93362"},{"taxonomy":"post_tag","embeddable":true,"href":"https:\/\/www.redenoticia.com.br\/noticia\/wp-json\/wp\/v2\/tags?post=93362"}],"curies":[{"name":"wp","href":"https:\/\/api.w.org\/{rel}","templated":true}]}}