{"id":93360,"date":"2016-08-22T06:20:39","date_gmt":"2016-08-22T09:20:39","guid":{"rendered":"http:\/\/www.redenoticia.com.br\/noticia\/?p=93360"},"modified":"2016-08-20T17:30:12","modified_gmt":"2016-08-20T20:30:12","slug":"tse-contabiliza-mais-de-503-200-candidatos-para-as-eleicoes-municipais-de-2016","status":"publish","type":"post","link":"https:\/\/www.redenoticia.com.br\/noticia\/2016\/tse-contabiliza-mais-de-503-200-candidatos-para-as-eleicoes-municipais-de-2016\/93360","title":{"rendered":"TSE contabiliza mais de 503.200 candidatos para as elei\u00e7\u00f5es municipais de 2016"},"content":{"rendered":"<p> O Tribunal Superior Eleitoral (TSE) j\u00e1 soma mais de 503.200 candidatos registrados para disputar as elei\u00e7\u00f5es deste ano. As <strong><em>elei\u00e7\u00f5es municipais<\/em><\/strong> ser\u00e3o realizadas em outubro para os cargos de prefeito, vice-prefeito e tamb\u00e9m de vereador.<\/p>\n<p>De acordo com os dados do Tribunal, o n\u00famero de candidatos a prefeitos que apresentaram o registro de candidatura at\u00e9 agora chega a 17 mil. Para o cargo de vice-prefeito, a quantidade chega a pouco mais de 17 mil candidatos. J\u00e1 para vereador j\u00e1 s\u00e3o mais de 469.200 candidatos.<\/p>\n<p>O estado de S\u00e3o Paulo tem 85.811 mil registros para os tr\u00eas cargos at\u00e9 o momento. Em segundo lugar, em n\u00famero total de registros, est\u00e1 Minas Gerais com 80.800. O estado com a menor quantidade de registros, at\u00e9 o momento, \u00e9 Roraima, com 1.813.<\/p>\n<p>Michelle Cannes \u2013 Rep\u00f3rter da Ag\u00eancia Brasil<br \/>\nEdi\u00e7\u00e3o: Denise Griesinger<br \/>\n22\/08\/2016<br \/>\n&#8212;<br \/>\nA Empresa Brasil de Comunica\u00e7\u00e3o \u00e9 uma institui\u00e7\u00e3o da democracia brasileira: p\u00fablica, inclusiva e cidad\u00e3. Criada em 2007 para fortalecer o sistema p\u00fablico de comunica\u00e7\u00e3o, \u00e9 gestora dos canais TV Brasil, TV Brasil Internacional, Ag\u00eancia Brasil, Radioag\u00eancia Nacional e do sistema p\u00fablico de R\u00e1dio \u2013 composto por oito emissoras. Estes, por sua independ\u00eancia editorial, distinguem-se dos canais estatais ou governamentais, com conte\u00fados diferenciados e complementares aos canais privados. Os ve\u00edculos da EBC t\u00eam autonomia para definir produ\u00e7\u00e3o, programa\u00e7\u00e3o e distribui\u00e7\u00e3o de conte\u00fados.<\/p>\n","protected":false},"excerpt":{"rendered":"<p>O Tribunal Superior Eleitoral (TSE) j\u00e1 soma mais de 503.200 candidatos registrados para disputar as elei\u00e7\u00f5es deste ano. As elei\u00e7\u00f5es municipais ser\u00e3o realizadas em outubro para os cargos de prefeito, vice-prefeito e tamb\u00e9m de vereador. De acordo com os dados do Tribunal, o n\u00famero de candidatos a prefeitos que apresentaram o registro de candidatura at\u00e9 [&hellip;]<\/p>\n","protected":false},"author":2,"featured_media":39956,"comment_status":"open","ping_status":"closed","sticky":false,"template":"","format":"standard","meta":{"_genesis_hide_title":false,"_genesis_hide_breadcrumbs":false,"_genesis_hide_singular_image":false,"_genesis_hide_footer_widgets":false,"_genesis_custom_body_class":"","_genesis_custom_post_class":"","_genesis_layout":"","_jetpack_memberships_contains_paid_content":false,"footnotes":""},"categories":[22],"tags":[],"class_list":{"0":"post-93360","1":"post","2":"type-post","3":"status-publish","4":"format-standard","5":"has-post-thumbnail","7":"category-brasil","8":"entry","9":"gs-1","10":"gs-odd","11":"gs-even","12":"gs-featured-content-entry"},"jetpack_featured_media_url":"https:\/\/www.redenoticia.com.br\/noticia\/imagens\/eleicao-voto-campanha-eleitoral-resultado.jpg","jetpack_sharing_enabled":true,"jetpack_likes_enabled":true,"_links":{"self":[{"href":"https:\/\/www.redenoticia.com.br\/noticia\/wp-json\/wp\/v2\/posts\/93360","targetHints":{"allow":["GET"]}}],"collection":[{"href":"https:\/\/www.redenoticia.com.br\/noticia\/wp-json\/wp\/v2\/posts"}],"about":[{"href":"https:\/\/www.redenoticia.com.br\/noticia\/wp-json\/wp\/v2\/types\/post"}],"author":[{"embeddable":true,"href":"https:\/\/www.redenoticia.com.br\/noticia\/wp-json\/wp\/v2\/users\/2"}],"replies":[{"embeddable":true,"href":"https:\/\/www.redenoticia.com.br\/noticia\/wp-json\/wp\/v2\/comments?post=93360"}],"version-history":[{"count":0,"href":"https:\/\/www.redenoticia.com.br\/noticia\/wp-json\/wp\/v2\/posts\/93360\/revisions"}],"wp:featuredmedia":[{"embeddable":true,"href":"https:\/\/www.redenoticia.com.br\/noticia\/wp-json\/wp\/v2\/media\/39956"}],"wp:attachment":[{"href":"https:\/\/www.redenoticia.com.br\/noticia\/wp-json\/wp\/v2\/media?parent=93360"}],"wp:term":[{"taxonomy":"category","embeddable":true,"href":"https:\/\/www.redenoticia.com.br\/noticia\/wp-json\/wp\/v2\/categories?post=93360"},{"taxonomy":"post_tag","embeddable":true,"href":"https:\/\/www.redenoticia.com.br\/noticia\/wp-json\/wp\/v2\/tags?post=93360"}],"curies":[{"name":"wp","href":"https:\/\/api.w.org\/{rel}","templated":true}]}}