{"id":93358,"date":"2016-08-22T06:16:54","date_gmt":"2016-08-22T09:16:54","guid":{"rendered":"http:\/\/www.redenoticia.com.br\/noticia\/?p=93358"},"modified":"2016-08-20T17:28:33","modified_gmt":"2016-08-20T20:28:33","slug":"alerta-numero-de-queimadas-dobra-no-estado-de-sp","status":"publish","type":"post","link":"https:\/\/www.redenoticia.com.br\/noticia\/2016\/alerta-numero-de-queimadas-dobra-no-estado-de-sp\/93358","title":{"rendered":"Alerta: n\u00famero de queimadas dobra no estado de SP"},"content":{"rendered":"<p>Em 2015, a  conseguiu reduzir por meio de a\u00e7\u00f5es preventivas quase 60% dos focos, comparado com 2014. Em n\u00fameros, de 4.717 para 1.984. S\u00f3 em Unidades de Conserva\u00e7\u00e3o, a \u00e1rea queimada diminuiu em 22%, passando de 2.233 em 2014 para 1.731 at\u00e9 outubro de 2015. Oficinas para Redu\u00e7\u00e3o de Riscos &#8211; Estiagem 2015, organizadas pela Coordenadoria Estadual de Defesa Civil (Cedec), capacitaram 2.752 pessoas em 475 brigadas municipais.<\/p>\n<p>As autoriza\u00e7\u00f5es de queima de palha de cana de a\u00e7\u00facar diminu\u00edram de 41.436 (257.522 hectares de \u00e1rea queimada) em 2014 para 31.229 (187.191 hectares) em 2015. Houve tamb\u00e9m uma redu\u00e7\u00e3o de 32% em ocorr\u00eancias atendidas pelo Corpo de Bombeiros. De 24.253 (43.776,83 hectares) para 16.394 (23.785,94 hectares), de 2014 para 2015.<\/p>\n<p>Sobre a Corta Fogo<br \/>\nA Opera\u00e7\u00e3o teve in\u00edcio em 2010 por conta de um inverno mais seco e prolongado. O objetivo da a\u00e7\u00e3o \u00e9 reduzir focos de inc\u00eandio e minimizar seus impactos. Coordenada pela SMA, Casa Militar, Defesa Civil, Corpo de Bombeiros, Pol\u00edcia Militar Ambiental e munic\u00edpios parceiros, a Corta Fogo prev\u00ea o monitoramento, controle e combate a queimadas florestais. Tamb\u00e9m conta com o apoio da Funda\u00e7\u00e3o Florestal (FF), Instituto Florestal (IF) e Companhia Ambiental do Estado (Cetesb).<\/p>\n<p>Denuncie<\/p>\n<p>Ao avistar fuma\u00e7a ou focos de inc\u00eandio, ligue imediatamente para o Corpo de Bombeiros: 193<\/p>\n<p>Se presenciar crimes ambientais, como desmatamentos, queimadas, tr\u00e1fico de animais silvestres, polui\u00e7\u00e3o do ar e emerg\u00eancias qu\u00edmicas, ligue para o Disque-Ambiente(0800 11 35 60) &#8211; canal de den\u00fancias e informa\u00e7\u00f5es da Secretaria do Meio Ambiente.<\/p>\n<p>Pol\u00edcia Militar Ambiental: 0800 0555 190<\/p>\n<p>Do Portal do Governo do Estado SP<\/p>\n","protected":false},"excerpt":{"rendered":"<p>Em 2015, a conseguiu reduzir por meio de a\u00e7\u00f5es preventivas quase 60% dos focos, comparado com 2014. Em n\u00fameros, de 4.717 para 1.984. S\u00f3 em Unidades de Conserva\u00e7\u00e3o, a \u00e1rea queimada diminuiu em 22%, passando de 2.233 em 2014 para 1.731 at\u00e9 outubro de 2015. Oficinas para Redu\u00e7\u00e3o de Riscos &#8211; Estiagem 2015, organizadas pela [&hellip;]<\/p>\n","protected":false},"author":2,"featured_media":57582,"comment_status":"open","ping_status":"closed","sticky":false,"template":"","format":"standard","meta":{"_genesis_hide_title":false,"_genesis_hide_breadcrumbs":false,"_genesis_hide_singular_image":false,"_genesis_hide_footer_widgets":false,"_genesis_custom_body_class":"","_genesis_custom_post_class":"","_genesis_layout":"","_jetpack_memberships_contains_paid_content":false,"footnotes":""},"categories":[22],"tags":[],"class_list":{"0":"post-93358","1":"post","2":"type-post","3":"status-publish","4":"format-standard","5":"has-post-thumbnail","7":"category-brasil","8":"entry","9":"gs-1","10":"gs-odd","11":"gs-even","12":"gs-featured-content-entry"},"jetpack_featured_media_url":"https:\/\/www.redenoticia.com.br\/noticia\/imagens\/grafico1.jpg","jetpack_sharing_enabled":true,"jetpack_likes_enabled":true,"_links":{"self":[{"href":"https:\/\/www.redenoticia.com.br\/noticia\/wp-json\/wp\/v2\/posts\/93358","targetHints":{"allow":["GET"]}}],"collection":[{"href":"https:\/\/www.redenoticia.com.br\/noticia\/wp-json\/wp\/v2\/posts"}],"about":[{"href":"https:\/\/www.redenoticia.com.br\/noticia\/wp-json\/wp\/v2\/types\/post"}],"author":[{"embeddable":true,"href":"https:\/\/www.redenoticia.com.br\/noticia\/wp-json\/wp\/v2\/users\/2"}],"replies":[{"embeddable":true,"href":"https:\/\/www.redenoticia.com.br\/noticia\/wp-json\/wp\/v2\/comments?post=93358"}],"version-history":[{"count":0,"href":"https:\/\/www.redenoticia.com.br\/noticia\/wp-json\/wp\/v2\/posts\/93358\/revisions"}],"wp:featuredmedia":[{"embeddable":true,"href":"https:\/\/www.redenoticia.com.br\/noticia\/wp-json\/wp\/v2\/media\/57582"}],"wp:attachment":[{"href":"https:\/\/www.redenoticia.com.br\/noticia\/wp-json\/wp\/v2\/media?parent=93358"}],"wp:term":[{"taxonomy":"category","embeddable":true,"href":"https:\/\/www.redenoticia.com.br\/noticia\/wp-json\/wp\/v2\/categories?post=93358"},{"taxonomy":"post_tag","embeddable":true,"href":"https:\/\/www.redenoticia.com.br\/noticia\/wp-json\/wp\/v2\/tags?post=93358"}],"curies":[{"name":"wp","href":"https:\/\/api.w.org\/{rel}","templated":true}]}}