{"id":93356,"date":"2016-08-22T06:10:52","date_gmt":"2016-08-22T09:10:52","guid":{"rendered":"http:\/\/www.redenoticia.com.br\/noticia\/?p=93356"},"modified":"2016-08-20T17:26:49","modified_gmt":"2016-08-20T20:26:49","slug":"numero-de-acidentes-fatais-nas-rodovias-paulistas-diminui-44","status":"publish","type":"post","link":"https:\/\/www.redenoticia.com.br\/noticia\/2016\/numero-de-acidentes-fatais-nas-rodovias-paulistas-diminui-44\/93356","title":{"rendered":"N\u00famero de acidentes fatais nas rodovias paulistas diminui 4,4%"},"content":{"rendered":"<p> O <strong><em>n\u00famero de mortes nas estradas paulistas<\/em><\/strong> sob concess\u00e3o, entre 2010 e 2015, caiu para menos da metade \u2013 redu\u00e7\u00e3o de 51,7% nas rodovias, na primeira etapa do Programa de Concess\u00f5es Rodovi\u00e1rias do Governo do Estado de S\u00e3o Paulo.<\/p>\n<p>No primeiro semestre de 2016, o \u00edndice foi de menos 4,4%, em rela\u00e7\u00e3o ao mesmo per\u00edodo de 2015, quando foram computadas 429 v\u00edtimas fatais contra 410, de acordo com o \u00faltimo registro. Este dado corresponde aos 6.972 quil\u00f4metros de rodovias integrantes da malha atual sob concess\u00e3o.<\/p>\n<p>Os dados foram divulgados durante o, que aconteceu no Pal\u00e1cio dos Bandeirantes. Eles s\u00e3o resultado das a\u00e7\u00f5es da Artesp (Ag\u00eancia Reguladora de Servi\u00e7os P\u00fablicos Delegados de Transporte P\u00fablico do Estado de S\u00e3o Paulo), em conjunto com as 20 concession\u00e1rias de rodovias paulistas, para reduzir a quantidade de acidentes.<\/p>\n<p>Outros resultados mostram que em 2016, al\u00e9m da redu\u00e7\u00e3o no n\u00famero de v\u00edtimas fatais, tamb\u00e9m foi observado a melhoria de 3,56% no n\u00famero de pessoas feridas. Foram 8.383 pessoas feridas no primeiro semestre deste ano contra 8.693 verificados no mesmo per\u00edodo do ano de 2015. Nos dois anos anteriores, 2014 e 2015, a redu\u00e7\u00e3o no n\u00famero de mortes foi de 24,3% e de 11,7% no n\u00famero de feridos.<\/p>\n<p>Investimentos em seguran\u00e7a<br \/>\nA instala\u00e7\u00e3o de equipamentos de seguran\u00e7a nas rodovias est\u00e1 entre os fatores que contribu\u00edram para a melhoria dos \u00edndices verificados. S\u00e3o provid\u00eancias como as implanta\u00e7\u00f5es de defensas met\u00e1licas \u00e0 frente de postes ou pontos de \u00f4nibus e remo\u00e7\u00e3o de outros obst\u00e1culos para eliminar um eventual impacto do ve\u00edculo que aumentaria a gravidade do acidente. Desde 2007, foram implantados quase 2 milh\u00f5es de metros de defensas met\u00e1licas.<\/p>\n<p>Entre os investimentos feitos diretamente na malha rodovi\u00e1ria, o Programa de Concess\u00f5es Rodovi\u00e1rias promoveu 1.022 quil\u00f4metros de duplica\u00e7\u00f5es, 595 de faixas adicionais, 257 de vias marginais al\u00e9m de 192 passarelas e 2.380 quil\u00f4metros de acostamento.<\/p>\n<p>Outra provid\u00eancia importante na \u00e1rea de opera\u00e7\u00f5es \u00e9 o atendimento de p\u00f3s acidentes. Somente em 2015, foram realizados 66.903 atendimentos m\u00e9dicos na malha estadual concedida, o que equivale a 183 casos por dia, em m\u00e9dia. As ambul\u00e2ncias utilizadas chegam ao local do acidente em at\u00e9 10 minutos.<\/p>\n<p>Os investimentos em opera\u00e7\u00e3o e obras j\u00e1 somam R$ 79,6 bilh\u00f5es, desde o in\u00edcio do programa de concess\u00e3o, e as concession\u00e1rias s\u00e3o orientadas a promover constantemente campanhas e a\u00e7\u00f5es educativas de conscientiza\u00e7\u00e3o de seguran\u00e7a vi\u00e1ria.<\/p>\n<p>Do Portal do Governo do Estado SP<\/p>\n","protected":false},"excerpt":{"rendered":"<p>O n\u00famero de mortes nas estradas paulistas sob concess\u00e3o, entre 2010 e 2015, caiu para menos da metade \u2013 redu\u00e7\u00e3o de 51,7% nas rodovias, na primeira etapa do Programa de Concess\u00f5es Rodovi\u00e1rias do Governo do Estado de S\u00e3o Paulo. No primeiro semestre de 2016, o \u00edndice foi de menos 4,4%, em rela\u00e7\u00e3o ao mesmo per\u00edodo [&hellip;]<\/p>\n","protected":false},"author":2,"featured_media":35207,"comment_status":"open","ping_status":"closed","sticky":false,"template":"","format":"standard","meta":{"_genesis_hide_title":false,"_genesis_hide_breadcrumbs":false,"_genesis_hide_singular_image":false,"_genesis_hide_footer_widgets":false,"_genesis_custom_body_class":"","_genesis_custom_post_class":"","_genesis_layout":"","_jetpack_memberships_contains_paid_content":false,"footnotes":""},"categories":[22],"tags":[],"class_list":{"0":"post-93356","1":"post","2":"type-post","3":"status-publish","4":"format-standard","5":"has-post-thumbnail","7":"category-brasil","8":"entry","9":"gs-1","10":"gs-odd","11":"gs-even","12":"gs-featured-content-entry"},"jetpack_featured_media_url":"https:\/\/www.redenoticia.com.br\/noticia\/imagens\/transito-estradas.jpg","jetpack_sharing_enabled":true,"jetpack_likes_enabled":true,"_links":{"self":[{"href":"https:\/\/www.redenoticia.com.br\/noticia\/wp-json\/wp\/v2\/posts\/93356","targetHints":{"allow":["GET"]}}],"collection":[{"href":"https:\/\/www.redenoticia.com.br\/noticia\/wp-json\/wp\/v2\/posts"}],"about":[{"href":"https:\/\/www.redenoticia.com.br\/noticia\/wp-json\/wp\/v2\/types\/post"}],"author":[{"embeddable":true,"href":"https:\/\/www.redenoticia.com.br\/noticia\/wp-json\/wp\/v2\/users\/2"}],"replies":[{"embeddable":true,"href":"https:\/\/www.redenoticia.com.br\/noticia\/wp-json\/wp\/v2\/comments?post=93356"}],"version-history":[{"count":0,"href":"https:\/\/www.redenoticia.com.br\/noticia\/wp-json\/wp\/v2\/posts\/93356\/revisions"}],"wp:featuredmedia":[{"embeddable":true,"href":"https:\/\/www.redenoticia.com.br\/noticia\/wp-json\/wp\/v2\/media\/35207"}],"wp:attachment":[{"href":"https:\/\/www.redenoticia.com.br\/noticia\/wp-json\/wp\/v2\/media?parent=93356"}],"wp:term":[{"taxonomy":"category","embeddable":true,"href":"https:\/\/www.redenoticia.com.br\/noticia\/wp-json\/wp\/v2\/categories?post=93356"},{"taxonomy":"post_tag","embeddable":true,"href":"https:\/\/www.redenoticia.com.br\/noticia\/wp-json\/wp\/v2\/tags?post=93356"}],"curies":[{"name":"wp","href":"https:\/\/api.w.org\/{rel}","templated":true}]}}