{"id":93232,"date":"2016-08-19T06:11:45","date_gmt":"2016-08-19T09:11:45","guid":{"rendered":"http:\/\/www.redenoticia.com.br\/noticia\/?p=93232"},"modified":"2016-08-18T19:13:25","modified_gmt":"2016-08-18T22:13:25","slug":"governo-aumenta-para-16-previsao-de-crescimento-da-economia-para-2017","status":"publish","type":"post","link":"https:\/\/www.redenoticia.com.br\/noticia\/2016\/governo-aumenta-para-16-previsao-de-crescimento-da-economia-para-2017\/93232","title":{"rendered":"Governo aumenta para 1,6% previs\u00e3o de crescimento da economia para 2017"},"content":{"rendered":"<p> Os sinais de recupera\u00e7\u00e3o da economia levaram o governo a aumentar a <strong><em>previs\u00e3o de crescimento<\/em><\/strong> para 2017. A estimativa de expans\u00e3o do Produto Interno Bruto (PIB, soma das riquezas produzidas no pa\u00eds) passou de 1,2% para 1,6% para o pr\u00f3ximo ano, anunciou o secret\u00e1rio de Pol\u00edtica Econ\u00f4mica do Minist\u00e9rio da Fazenda, Carlos Hamilton Ara\u00fajo.<\/p>\n<p> A proje\u00e7\u00e3o para infla\u00e7\u00e3o oficial pelo \u00cdndice Nacional de Pre\u00e7os ao Consumidor Amplo (IPCA) foi mantida em 4,8%. Os n\u00fameros ser\u00e3o usados na elabora\u00e7\u00e3o do projeto da Lei Or\u00e7ament\u00e1ria Anual de 2017, que ser\u00e1 enviado ao Congresso Nacional at\u00e9 31 de agosto.<\/p>\n<p>Segundo o secret\u00e1rio, o governo s\u00f3 divulgar\u00e1 o reflexo do aumento do crescimento econ\u00f4mico na arrecada\u00e7\u00e3o federal no envio do projeto. Caso as receitas subam mais que o esperado, o governo n\u00e3o teria de aumentar tributos para refor\u00e7ar o caixa no pr\u00f3ximo ano e cumprir a meta de d\u00e9ficit prim\u00e1rio (resultado negativo nas contas p\u00fablicas desconsiderando o pagamento de juros) de R$ 139 bilh\u00f5es em 2017.<\/p>\n<p>De acordo com Ara\u00fajo, as recentes melhorias nos indicadores financeiros e os sinais de recupera\u00e7\u00e3o da economia permitiram \u00e0 equipe econ\u00f4mica reajustar a estimativa de crescimento para o pr\u00f3ximo ano. Conforme o secret\u00e1rio, o pa\u00eds deve voltar a registrar crescimento econ\u00f4mico a partir do quarto trimestre deste ano.<\/p>\n<p>\u201cEm termos reais, a produ\u00e7\u00e3o industrial cresce h\u00e1 quatro meses seguidos. A Pesquisa Mensal de Com\u00e9rcio do IBGE [Instituto Brasileiro de Geografia e Estat\u00edstica] mostrou sinais de estabiliza\u00e7\u00e3o na atividade do com\u00e9rcio, com crescimento de 0,1% em junho. Temos indica\u00e7\u00f5es de que o segundo semestre ter\u00e1 desempenho melhor que o primeiro. No nosso cen\u00e1rio base, estimamos crescimento do PIB no quarto trimestre em rela\u00e7\u00e3o ao terceiro\u201d, explicou o secret\u00e1rio.<\/p>\n<p>Para 2016, a Secretaria de Pol\u00edtica Econ\u00f4mica reduziu a previs\u00e3o de contra\u00e7\u00e3o do PIB de 3,1% para 3%. A proje\u00e7\u00e3o para o IPCA foi mantida em 7,2%.<\/p>\n<p>As estimativas da equipe econ\u00f4mica s\u00e3o mais otimistas que as do mercado. Segundo o Boletim Focus, pesquisa semanal com institui\u00e7\u00f5es financeiras divulgadas pelo Banco Central, o pa\u00eds deve fechar 2016 com retra\u00e7\u00e3o do PIB de 3,2% e infla\u00e7\u00e3o de 7,31%.<\/p>\n<p>Para 2017, os analistas de mercado preveem crescimento de 1,1% no PIB e IPCA de 5,14%.<\/p>\n<p>Wellton M\u00e1ximo \u2013 Rep\u00f3rter da Ag\u00eancia Brasil<br \/>\nEdi\u00e7\u00e3o: Armando Cardoso<br \/>\n19\/08\/2016 <\/p>\n","protected":false},"excerpt":{"rendered":"<p>Os sinais de recupera\u00e7\u00e3o da economia levaram o governo a aumentar a previs\u00e3o de crescimento para 2017. A estimativa de expans\u00e3o do Produto Interno Bruto (PIB, soma das riquezas produzidas no pa\u00eds) passou de 1,2% para 1,6% para o pr\u00f3ximo ano, anunciou o secret\u00e1rio de Pol\u00edtica Econ\u00f4mica do Minist\u00e9rio da Fazenda, Carlos Hamilton Ara\u00fajo. A [&hellip;]<\/p>\n","protected":false},"author":2,"featured_media":57583,"comment_status":"open","ping_status":"closed","sticky":false,"template":"","format":"standard","meta":{"_genesis_hide_title":false,"_genesis_hide_breadcrumbs":false,"_genesis_hide_singular_image":false,"_genesis_hide_footer_widgets":false,"_genesis_custom_body_class":"","_genesis_custom_post_class":"","_genesis_layout":"","_jetpack_memberships_contains_paid_content":false,"footnotes":""},"categories":[22,7],"tags":[],"class_list":{"0":"post-93232","1":"post","2":"type-post","3":"status-publish","4":"format-standard","5":"has-post-thumbnail","7":"category-brasil","8":"category-economia","9":"entry","10":"gs-1","11":"gs-odd","12":"gs-even","13":"gs-featured-content-entry"},"jetpack_featured_media_url":"https:\/\/www.redenoticia.com.br\/noticia\/imagens\/economia-grafico.jpg","jetpack_sharing_enabled":true,"jetpack_likes_enabled":true,"_links":{"self":[{"href":"https:\/\/www.redenoticia.com.br\/noticia\/wp-json\/wp\/v2\/posts\/93232","targetHints":{"allow":["GET"]}}],"collection":[{"href":"https:\/\/www.redenoticia.com.br\/noticia\/wp-json\/wp\/v2\/posts"}],"about":[{"href":"https:\/\/www.redenoticia.com.br\/noticia\/wp-json\/wp\/v2\/types\/post"}],"author":[{"embeddable":true,"href":"https:\/\/www.redenoticia.com.br\/noticia\/wp-json\/wp\/v2\/users\/2"}],"replies":[{"embeddable":true,"href":"https:\/\/www.redenoticia.com.br\/noticia\/wp-json\/wp\/v2\/comments?post=93232"}],"version-history":[{"count":0,"href":"https:\/\/www.redenoticia.com.br\/noticia\/wp-json\/wp\/v2\/posts\/93232\/revisions"}],"wp:featuredmedia":[{"embeddable":true,"href":"https:\/\/www.redenoticia.com.br\/noticia\/wp-json\/wp\/v2\/media\/57583"}],"wp:attachment":[{"href":"https:\/\/www.redenoticia.com.br\/noticia\/wp-json\/wp\/v2\/media?parent=93232"}],"wp:term":[{"taxonomy":"category","embeddable":true,"href":"https:\/\/www.redenoticia.com.br\/noticia\/wp-json\/wp\/v2\/categories?post=93232"},{"taxonomy":"post_tag","embeddable":true,"href":"https:\/\/www.redenoticia.com.br\/noticia\/wp-json\/wp\/v2\/tags?post=93232"}],"curies":[{"name":"wp","href":"https:\/\/api.w.org\/{rel}","templated":true}]}}