{"id":93121,"date":"2016-08-18T06:09:26","date_gmt":"2016-08-18T09:09:26","guid":{"rendered":"http:\/\/www.redenoticia.com.br\/noticia\/?p=93121"},"modified":"2016-08-17T20:10:46","modified_gmt":"2016-08-17T23:10:46","slug":"iace-tem-sexta-alta-consecutiva-e-mostra-melhora-das-expectativas-para-economia","status":"publish","type":"post","link":"https:\/\/www.redenoticia.com.br\/noticia\/2016\/iace-tem-sexta-alta-consecutiva-e-mostra-melhora-das-expectativas-para-economia\/93121","title":{"rendered":"Iace tem sexta alta consecutiva e mostra melhora das expectativas para economia"},"content":{"rendered":"<p> O <strong><em>Indicador Antecedente Composto da Economia<\/em><\/strong> (Iace) para o Brasil subiu 1,9% em julho em rela\u00e7\u00e3o a junho. Com seis altas consecutivas, o \u00edndice alcan\u00e7ou 97,8 pontos em uma escala em que o 100 equivale \u00e0s condi\u00e7\u00f5es do pa\u00eds em 2010. Em maio, o Iace registrou alta de 2,8% e em junho, de 1,9%.<\/p>\n<p>O indicador \u00e9 medido pelo Instituto Brasileiro de Economia da Funda\u00e7\u00e3o Getulio Vargas (Ibre\/FGV) em parceria com o The Conference Board (TCB), institui\u00e7\u00e3o sem fins lucrativos norte-americana.<\/p>\n<p> Entre os componentes do Iace est\u00e3o o \u00cdndice da Bolsa de Valores de S\u00e3o Paulo, o \u00edndice de produ\u00e7\u00e3o de bens de consumo dur\u00e1veis do Instituto Brasileiro de Geografia e Estat\u00edstica (IBGE), e os \u00edndices de expectativas da ind\u00fastria, servi\u00e7os e consumidor da FGV.<\/p>\n<p>Condi\u00e7\u00f5es atuais<\/p>\n<p>J\u00e1 o Indicador Coincidente Composto da Economia (ICCE) do Brasil, tamb\u00e9m divulgado pelo Ibre e pelo TCB, ficou est\u00e1vel entre julho e junho. O indicador que mede as condi\u00e7\u00f5es atuais da economia acumula 98,1 pontos. Em maio, o \u00edndice ficou est\u00e1vel e em junho avan\u00e7ou 0,2%.<\/p>\n<p>Segundo o economista do Ibre\/FGV, Paulo Picchetti, o Iace foi puxado para cima pelos indicadores de expectativas econ\u00f4micas. No entanto, na avalia\u00e7\u00e3o do especialista, ainda faltam algumas condi\u00e7\u00f5es para uma melhora significativa do cen\u00e1rio atual.<\/p>\n<p>\u201cAinda que esta melhora deva ser considerada uma condi\u00e7\u00e3o necess\u00e1ria para a revers\u00e3o do ciclo econ\u00f4mico, fundamentos importantes, que costumam estar associados \u00e0s condi\u00e7\u00f5es suficientes de uma recupera\u00e7\u00e3o, ainda n\u00e3o apresentam desempenho semelhante no per\u00edodo, o que se reflete na estabilidade do ICCE.\u201d<\/p>\n<p>Daniel Mello &#8211; Rep\u00f3rter da Ag\u00eancia Brasil<br \/>\nEdi\u00e7\u00e3o: Luana Louren\u00e7o<br \/>\n18\/08\/2016<\/p>\n","protected":false},"excerpt":{"rendered":"<p>O Indicador Antecedente Composto da Economia (Iace) para o Brasil subiu 1,9% em julho em rela\u00e7\u00e3o a junho. Com seis altas consecutivas, o \u00edndice alcan\u00e7ou 97,8 pontos em uma escala em que o 100 equivale \u00e0s condi\u00e7\u00f5es do pa\u00eds em 2010. Em maio, o Iace registrou alta de 2,8% e em junho, de 1,9%. O [&hellip;]<\/p>\n","protected":false},"author":2,"featured_media":57583,"comment_status":"open","ping_status":"closed","sticky":false,"template":"","format":"standard","meta":{"_genesis_hide_title":false,"_genesis_hide_breadcrumbs":false,"_genesis_hide_singular_image":false,"_genesis_hide_footer_widgets":false,"_genesis_custom_body_class":"","_genesis_custom_post_class":"","_genesis_layout":"","_jetpack_memberships_contains_paid_content":false,"footnotes":""},"categories":[22,7],"tags":[],"class_list":{"0":"post-93121","1":"post","2":"type-post","3":"status-publish","4":"format-standard","5":"has-post-thumbnail","7":"category-brasil","8":"category-economia","9":"entry","10":"gs-1","11":"gs-odd","12":"gs-even","13":"gs-featured-content-entry"},"jetpack_featured_media_url":"https:\/\/www.redenoticia.com.br\/noticia\/imagens\/economia-grafico.jpg","jetpack_sharing_enabled":true,"jetpack_likes_enabled":true,"_links":{"self":[{"href":"https:\/\/www.redenoticia.com.br\/noticia\/wp-json\/wp\/v2\/posts\/93121","targetHints":{"allow":["GET"]}}],"collection":[{"href":"https:\/\/www.redenoticia.com.br\/noticia\/wp-json\/wp\/v2\/posts"}],"about":[{"href":"https:\/\/www.redenoticia.com.br\/noticia\/wp-json\/wp\/v2\/types\/post"}],"author":[{"embeddable":true,"href":"https:\/\/www.redenoticia.com.br\/noticia\/wp-json\/wp\/v2\/users\/2"}],"replies":[{"embeddable":true,"href":"https:\/\/www.redenoticia.com.br\/noticia\/wp-json\/wp\/v2\/comments?post=93121"}],"version-history":[{"count":0,"href":"https:\/\/www.redenoticia.com.br\/noticia\/wp-json\/wp\/v2\/posts\/93121\/revisions"}],"wp:featuredmedia":[{"embeddable":true,"href":"https:\/\/www.redenoticia.com.br\/noticia\/wp-json\/wp\/v2\/media\/57583"}],"wp:attachment":[{"href":"https:\/\/www.redenoticia.com.br\/noticia\/wp-json\/wp\/v2\/media?parent=93121"}],"wp:term":[{"taxonomy":"category","embeddable":true,"href":"https:\/\/www.redenoticia.com.br\/noticia\/wp-json\/wp\/v2\/categories?post=93121"},{"taxonomy":"post_tag","embeddable":true,"href":"https:\/\/www.redenoticia.com.br\/noticia\/wp-json\/wp\/v2\/tags?post=93121"}],"curies":[{"name":"wp","href":"https:\/\/api.w.org\/{rel}","templated":true}]}}