{"id":931,"date":"2009-04-27T22:20:08","date_gmt":"2009-04-28T02:20:08","guid":{"rendered":"http:\/\/www.redenoticia.com.br\/noticia\/?p=931"},"modified":"2009-04-27T22:20:43","modified_gmt":"2009-04-28T02:20:43","slug":"lula-assina-compromisso-mais-amaznia-pela-cidadania-com-governadores-amaznicos","status":"publish","type":"post","link":"https:\/\/www.redenoticia.com.br\/noticia\/2009\/lula-assina-compromisso-mais-amaznia-pela-cidadania-com-governadores-amaznicos\/931","title":{"rendered":"Lula assina Compromisso Mais Amaz&ocirc;nia pela Cidadania com governadores amaz&ocirc;nicos"},"content":{"rendered":"<p>O presidente Lu\u00eds In\u00e1cio Lula da Silva e os governadores dos estados amaz\u00f4nicos assinaram hoje (27), em Manaus, o Compromisso Mais Amaz\u00f4nia pela Cidadania. O protocolo firmado estipula metas para promover avan\u00e7os sociais na regi\u00e3o, como a amplia\u00e7\u00e3o de cursos de alfabetiza\u00e7\u00e3o para jovens e adultos, a redu\u00e7\u00e3o dos \u00edndices de analfabetismo e ainda de mortalidade infantil.    <br \/>Lula tamb\u00e9m assinou um decreto que institui os modelos \u00fanicos de certid\u00e3o de nascimento, casamento e \u00f3bito para todo pa\u00eds. Segundo o presidente, uma das prioridades do governo federal \u00e9 a erradica\u00e7\u00e3o do sub-registro civil de nascimento. \u201cN\u00e3o queremos que uma pessoa n\u00e3o tenha condi\u00e7\u00f5es de tirar o registro de seu filho. O pa\u00eds precisa criar vergonha e dar a essas pessoas as oportunidades necess\u00e1rias para que isso ocorra\u201d, declarou o presidente, em discurso feito entre as autoridades pol\u00edticas da Amaz\u00f4nia e representantes de diversos movimentos sociais presentes na cerim\u00f4nia.     <br \/>A ministra-chefe da Casa Civil, Dilma Roussef, ressaltou a import\u00e2ncia do lan\u00e7amento da mobiliza\u00e7\u00e3o regional pelo Registro Civil de Nascimento na Amaz\u00f4nia Legal. Para ela, a certid\u00e3o de nascimento \u00e9 uma esp\u00e9cie de passaporte para a cidadania.     <br \/>\u201cA assinatura do decreto, que padroniza as certid\u00f5es de nascimento, \u00e9 muito importante para esta regi\u00e3o. Com as certid\u00f5es, cada pessoa poder\u00e1 ter acesso aos benef\u00edcios sociais. \u00c9 como se fosse um passaporte para a cidadania\u201d, resumiu a ministra.     <br \/>Segundo dados da Secretaria Especial de Direitos Humanos, mais de 12% das crian\u00e7as que nascem no pa\u00eds n\u00e3o s\u00e3o registradas em cart\u00f3rios. Na regi\u00e3o amaz\u00f4nica esse percentual chega a 17%. Os piores n\u00fameros est\u00e3o em Roraima e no Amap\u00e1, j\u00e1 que o sub-registro atinge 40% e 33% de crian\u00e7as em cada um dos estados, respectivamente.     <br \/>Sem o registro civil, essas pessoas ficam impossibilitadas de ingressar em institui\u00e7\u00f5es de educa\u00e7\u00e3o, por exemplo, e, posteriormente, de retirar outros documentos que d\u00e3o acesso a benef\u00edcios sociais, como registro de identidade e CPF. A aus\u00eancia de cart\u00f3rios em diversos munic\u00edpios \u00e9 apontada como a principal causa do sub-registro, sobretudo pelas comunidades ribeirinhas e tradicionais da Amaz\u00f4nia.<\/p>\n<p>Amanda Mota    <br \/><i>Rep\u00f3rter da Ag\u00eancia Brasil<\/i><\/p>\n","protected":false},"excerpt":{"rendered":"<p>O presidente Lu\u00eds In\u00e1cio Lula da Silva e os governadores dos estados amaz\u00f4nicos assinaram hoje (27), em Manaus, o Compromisso Mais Amaz\u00f4nia pela Cidadania. O protocolo firmado estipula metas para promover avan\u00e7os sociais na regi\u00e3o, como a amplia\u00e7\u00e3o de cursos de alfabetiza\u00e7\u00e3o para jovens e adultos, a redu\u00e7\u00e3o dos \u00edndices de analfabetismo e ainda de [&hellip;]<\/p>\n","protected":false},"author":2,"featured_media":0,"comment_status":"open","ping_status":"open","sticky":false,"template":"","format":"standard","meta":{"_genesis_hide_title":false,"_genesis_hide_breadcrumbs":false,"_genesis_hide_singular_image":false,"_genesis_hide_footer_widgets":false,"_genesis_custom_body_class":"","_genesis_custom_post_class":"","_genesis_layout":"","_jetpack_memberships_contains_paid_content":false,"footnotes":""},"categories":[22],"tags":[],"class_list":{"0":"post-931","1":"post","2":"type-post","3":"status-publish","4":"format-standard","6":"category-brasil","7":"entry","8":"gs-1","9":"gs-odd","10":"gs-even","11":"gs-featured-content-entry"},"jetpack_featured_media_url":"","jetpack_sharing_enabled":true,"jetpack_likes_enabled":true,"_links":{"self":[{"href":"https:\/\/www.redenoticia.com.br\/noticia\/wp-json\/wp\/v2\/posts\/931","targetHints":{"allow":["GET"]}}],"collection":[{"href":"https:\/\/www.redenoticia.com.br\/noticia\/wp-json\/wp\/v2\/posts"}],"about":[{"href":"https:\/\/www.redenoticia.com.br\/noticia\/wp-json\/wp\/v2\/types\/post"}],"author":[{"embeddable":true,"href":"https:\/\/www.redenoticia.com.br\/noticia\/wp-json\/wp\/v2\/users\/2"}],"replies":[{"embeddable":true,"href":"https:\/\/www.redenoticia.com.br\/noticia\/wp-json\/wp\/v2\/comments?post=931"}],"version-history":[{"count":0,"href":"https:\/\/www.redenoticia.com.br\/noticia\/wp-json\/wp\/v2\/posts\/931\/revisions"}],"wp:attachment":[{"href":"https:\/\/www.redenoticia.com.br\/noticia\/wp-json\/wp\/v2\/media?parent=931"}],"wp:term":[{"taxonomy":"category","embeddable":true,"href":"https:\/\/www.redenoticia.com.br\/noticia\/wp-json\/wp\/v2\/categories?post=931"},{"taxonomy":"post_tag","embeddable":true,"href":"https:\/\/www.redenoticia.com.br\/noticia\/wp-json\/wp\/v2\/tags?post=931"}],"curies":[{"name":"wp","href":"https:\/\/api.w.org\/{rel}","templated":true}]}}