{"id":93032,"date":"2016-08-17T06:14:01","date_gmt":"2016-08-17T09:14:01","guid":{"rendered":"http:\/\/www.redenoticia.com.br\/noticia\/?p=93032"},"modified":"2016-08-16T19:14:46","modified_gmt":"2016-08-16T22:14:46","slug":"pesquisa-indica-inflacao-em-ritmo-menor-diz-fgv","status":"publish","type":"post","link":"https:\/\/www.redenoticia.com.br\/noticia\/2016\/pesquisa-indica-inflacao-em-ritmo-menor-diz-fgv\/93032","title":{"rendered":"Pesquisa indica infla\u00e7\u00e3o em ritmo menor, diz FGV"},"content":{"rendered":"<p> O <strong><em>\u00cdndice de Pre\u00e7os ao Consumidor Semanal<\/em><\/strong> (IPC-S) atingiu varia\u00e7\u00e3o de 0,48%, na segunda pr\u00e9via de agosto, o que representa um acr\u00e9scimo de 0,02 ponto percentual acima do resultado anterior (0,46%). A apura\u00e7\u00e3o mostra que diminuiu a intensidade de alta, j\u00e1 que na primeira pr\u00e9via, o \u00edndice tinha passado de 0,37% para 0,46%.<\/p>\n<p>O levantamento \u00e9 feito pelo Instituto Brasileiro de Economia da Funda\u00e7\u00e3o Getulio Vargas (Ibre\/FGV), em Recife, Salvador, Rio de Janeiro, S\u00e3o Paulo, Belo Horizonte, Bras\u00edlia e Porto Alegre.<\/p>\n<p>Foram constatados acr\u00e9scimos em seis dos oito grupos pesquisados com destaque para transportes (de 0,32% para 0,36%) sob a influ\u00eancia do etanol (de 0,96% para 2,19%). Em sa\u00fade e cuidados pessoais, o \u00edndice subiu de 0,87% para 0,91%, puxado pelos artigos de higiene e cuidado pessoal (de 2,38% para 2,58%).<\/p>\n<p>No grupo educa\u00e7\u00e3o, leitura e recrea\u00e7\u00e3o , houve alta de 1,10% ante 1,06% sob o efeito, principalmente, do reajuste dos ingressos para show musical (9,49% para 11,87%). Em comunica\u00e7\u00e3o , a taxa passou de 0,18% para 0,55% com a tarifa de telefone m\u00f3vel 1,86% mais cara ante uma varia\u00e7\u00e3o de 0,01%.<\/p>\n<p>Invers\u00e3o da queda<\/p>\n<p>J\u00e1 em habita\u00e7\u00e3o, houve invers\u00e3o da queda de 0,01% para uma estabilidade. Nesta classe de despesa, a maior contribui\u00e7\u00e3o foi o aumento nos servi\u00e7os de conserto de eletrodom\u00e9sticos (0,88% para 1,13%). E, no grupo vestu\u00e1rio, houve ligeira eleva\u00e7\u00e3o (de 0,31% para 0,32%) e, entre os artigos que mais pressionaram o \u00edndice, est\u00e1 a camisa masculina (0,73% para 1,00%).<\/p>\n<p>Nos dois grupos restantes, foram verificados aumentos em ritmo menor do que na apura\u00e7\u00e3o passada: alimenta\u00e7\u00e3o (de 0,72% para 0,69%) e despesas diversas (de 0,31% para 0,19%).<\/p>\n<p>Os itens que mais pressionaram a infla\u00e7\u00e3o no per\u00edodo foram: leite tipo longa vida (11%); show musical (11,87%); refei\u00e7\u00f5es em bares e restaurantes (0,82%); perfume (4,38%) e plano e seguro sa\u00fade (1,05%).<\/p>\n<p>Em sentido oposto, os itens que mais colaboraram para conter o avan\u00e7o foram: batata-inglesa (-18,95%); tarifa de eletricidade residencial (-1,67%); cebola (-26,75%); tomate (-9,91%) e alface (-9,13%).<\/p>\n<p>Marli Moreira &#8211; Rep\u00f3rter da Ag\u00eancia Brasil<br \/>\nEdi\u00e7\u00e3o: Kleber Sampaio<br \/>\n17\/08\/2016 <\/p>\n","protected":false},"excerpt":{"rendered":"<p>O \u00cdndice de Pre\u00e7os ao Consumidor Semanal (IPC-S) atingiu varia\u00e7\u00e3o de 0,48%, na segunda pr\u00e9via de agosto, o que representa um acr\u00e9scimo de 0,02 ponto percentual acima do resultado anterior (0,46%). A apura\u00e7\u00e3o mostra que diminuiu a intensidade de alta, j\u00e1 que na primeira pr\u00e9via, o \u00edndice tinha passado de 0,37% para 0,46%. O levantamento [&hellip;]<\/p>\n","protected":false},"author":2,"featured_media":57584,"comment_status":"open","ping_status":"closed","sticky":false,"template":"","format":"standard","meta":{"_genesis_hide_title":false,"_genesis_hide_breadcrumbs":false,"_genesis_hide_singular_image":false,"_genesis_hide_footer_widgets":false,"_genesis_custom_body_class":"","_genesis_custom_post_class":"","_genesis_layout":"","_jetpack_memberships_contains_paid_content":false,"footnotes":""},"categories":[22,7],"tags":[],"class_list":{"0":"post-93032","1":"post","2":"type-post","3":"status-publish","4":"format-standard","5":"has-post-thumbnail","7":"category-brasil","8":"category-economia","9":"entry","10":"gs-1","11":"gs-odd","12":"gs-even","13":"gs-featured-content-entry"},"jetpack_featured_media_url":"https:\/\/www.redenoticia.com.br\/noticia\/imagens\/economia-grafica-analise-inflacao.jpg","jetpack_sharing_enabled":true,"jetpack_likes_enabled":true,"_links":{"self":[{"href":"https:\/\/www.redenoticia.com.br\/noticia\/wp-json\/wp\/v2\/posts\/93032","targetHints":{"allow":["GET"]}}],"collection":[{"href":"https:\/\/www.redenoticia.com.br\/noticia\/wp-json\/wp\/v2\/posts"}],"about":[{"href":"https:\/\/www.redenoticia.com.br\/noticia\/wp-json\/wp\/v2\/types\/post"}],"author":[{"embeddable":true,"href":"https:\/\/www.redenoticia.com.br\/noticia\/wp-json\/wp\/v2\/users\/2"}],"replies":[{"embeddable":true,"href":"https:\/\/www.redenoticia.com.br\/noticia\/wp-json\/wp\/v2\/comments?post=93032"}],"version-history":[{"count":0,"href":"https:\/\/www.redenoticia.com.br\/noticia\/wp-json\/wp\/v2\/posts\/93032\/revisions"}],"wp:featuredmedia":[{"embeddable":true,"href":"https:\/\/www.redenoticia.com.br\/noticia\/wp-json\/wp\/v2\/media\/57584"}],"wp:attachment":[{"href":"https:\/\/www.redenoticia.com.br\/noticia\/wp-json\/wp\/v2\/media?parent=93032"}],"wp:term":[{"taxonomy":"category","embeddable":true,"href":"https:\/\/www.redenoticia.com.br\/noticia\/wp-json\/wp\/v2\/categories?post=93032"},{"taxonomy":"post_tag","embeddable":true,"href":"https:\/\/www.redenoticia.com.br\/noticia\/wp-json\/wp\/v2\/tags?post=93032"}],"curies":[{"name":"wp","href":"https:\/\/api.w.org\/{rel}","templated":true}]}}