{"id":93030,"date":"2016-08-17T06:13:07","date_gmt":"2016-08-17T09:13:07","guid":{"rendered":"http:\/\/www.redenoticia.com.br\/noticia\/?p=93030"},"modified":"2016-08-16T19:13:57","modified_gmt":"2016-08-16T22:13:57","slug":"construcao-civil-fecha-465-mil-postos-de-trabalho-em-12-meses","status":"publish","type":"post","link":"https:\/\/www.redenoticia.com.br\/noticia\/2016\/construcao-civil-fecha-465-mil-postos-de-trabalho-em-12-meses\/93030","title":{"rendered":"Constru\u00e7\u00e3o civil fecha 465 mil postos de trabalho em 12 meses"},"content":{"rendered":"<p> Em 12 meses, a constru\u00e7\u00e3o civil brasileira fechou 465 mil <strong><em>postos de trabalho<\/em><\/strong>, segundo levantamento divulgado pelo Sindicato da Ind\u00fastria da Constru\u00e7\u00e3o Civil do Estado de S\u00e3o Paulo (SindusCon-SP). No primeiro semestre de 2016, o setor acumula a perda de 139,1 mil vagas, sendo 33 mil em junho (-1,18%). O ramo emprega atualmente 2,76 milh\u00f5es de trabalhadores.<\/p>\n<p>De acordo com o presidente do Sinduscon,  Jos\u00e9 Romeu Ferraz Neto, o n\u00edvel de emprego da ind\u00fastria da constru\u00e7\u00e3o retornou aos patamares registrados em 2009. \u201cO n\u00famero de vagas fechadas na ind\u00fastria da constru\u00e7\u00e3o desde 2014 dever\u00e1 ultrapassar 1,1 milh\u00e3o at\u00e9 o fim de 2016. Isso representa 30% do total de trabalhadores que o setor chegou a empregar antes da crise\u201d, ressaltou.<\/p>\n<p>Apesar da gravidade da situa\u00e7\u00e3o, Ferraz disse acreditar que a recupera\u00e7\u00e3o \u00e9 poss\u00edvel se forem tomadas medidas que melhorem o cen\u00e1rio atual. \u201cO setor voltar\u00e1 a empregar rapidamente se medidas urgentes destinadas \u00e0 expans\u00e3o da infraestrutura e \u00e0 contrata\u00e7\u00e3o de habita\u00e7\u00e3o popular forem tomadas, junto com o lan\u00e7amento de novas concess\u00f5es e Parcerias P\u00fablico-Privadas. Esse esfor\u00e7o precisa envolver tanto a Uni\u00e3o quanto estados e munic\u00edpios\u201d, acrescentou.<\/p>\n<p>Em junho, a regi\u00e3o que teve a maior redu\u00e7\u00e3o percentual no n\u00famero de postos de trabalho foi a Nordeste (-1,51%), com a perda de 8,6 mil vagas. No Sudeste foram fechadas 20,9 mil coloca\u00e7\u00f5es, uma retra\u00e7\u00e3o de -1,48%. Em S\u00e3o Paulo foram cortados 9,8 mil postos, uma queda de -1,32% no n\u00edvel de emprego.<\/p>\n<p>Daniel Mello &#8211; Rep\u00f3rter da Ag\u00eancia Brasil<br \/>\nEdi\u00e7\u00e3o: Armando Cardoso<br \/>\n17\/08\/2016<\/p>\n","protected":false},"excerpt":{"rendered":"<p>Em 12 meses, a constru\u00e7\u00e3o civil brasileira fechou 465 mil postos de trabalho, segundo levantamento divulgado pelo Sindicato da Ind\u00fastria da Constru\u00e7\u00e3o Civil do Estado de S\u00e3o Paulo (SindusCon-SP). No primeiro semestre de 2016, o setor acumula a perda de 139,1 mil vagas, sendo 33 mil em junho (-1,18%). O ramo emprega atualmente 2,76 milh\u00f5es [&hellip;]<\/p>\n","protected":false},"author":2,"featured_media":57585,"comment_status":"open","ping_status":"closed","sticky":false,"template":"","format":"standard","meta":{"_genesis_hide_title":false,"_genesis_hide_breadcrumbs":false,"_genesis_hide_singular_image":false,"_genesis_hide_footer_widgets":false,"_genesis_custom_body_class":"","_genesis_custom_post_class":"","_genesis_layout":"","_jetpack_memberships_contains_paid_content":false,"footnotes":""},"categories":[22,7],"tags":[],"class_list":{"0":"post-93030","1":"post","2":"type-post","3":"status-publish","4":"format-standard","5":"has-post-thumbnail","7":"category-brasil","8":"category-economia","9":"entry","10":"gs-1","11":"gs-odd","12":"gs-even","13":"gs-featured-content-entry"},"jetpack_featured_media_url":"https:\/\/www.redenoticia.com.br\/noticia\/imagens\/analise-economia.jpg","jetpack_sharing_enabled":true,"jetpack_likes_enabled":true,"_links":{"self":[{"href":"https:\/\/www.redenoticia.com.br\/noticia\/wp-json\/wp\/v2\/posts\/93030","targetHints":{"allow":["GET"]}}],"collection":[{"href":"https:\/\/www.redenoticia.com.br\/noticia\/wp-json\/wp\/v2\/posts"}],"about":[{"href":"https:\/\/www.redenoticia.com.br\/noticia\/wp-json\/wp\/v2\/types\/post"}],"author":[{"embeddable":true,"href":"https:\/\/www.redenoticia.com.br\/noticia\/wp-json\/wp\/v2\/users\/2"}],"replies":[{"embeddable":true,"href":"https:\/\/www.redenoticia.com.br\/noticia\/wp-json\/wp\/v2\/comments?post=93030"}],"version-history":[{"count":0,"href":"https:\/\/www.redenoticia.com.br\/noticia\/wp-json\/wp\/v2\/posts\/93030\/revisions"}],"wp:featuredmedia":[{"embeddable":true,"href":"https:\/\/www.redenoticia.com.br\/noticia\/wp-json\/wp\/v2\/media\/57585"}],"wp:attachment":[{"href":"https:\/\/www.redenoticia.com.br\/noticia\/wp-json\/wp\/v2\/media?parent=93030"}],"wp:term":[{"taxonomy":"category","embeddable":true,"href":"https:\/\/www.redenoticia.com.br\/noticia\/wp-json\/wp\/v2\/categories?post=93030"},{"taxonomy":"post_tag","embeddable":true,"href":"https:\/\/www.redenoticia.com.br\/noticia\/wp-json\/wp\/v2\/tags?post=93030"}],"curies":[{"name":"wp","href":"https:\/\/api.w.org\/{rel}","templated":true}]}}