{"id":92942,"date":"2016-08-16T06:11:21","date_gmt":"2016-08-16T09:11:21","guid":{"rendered":"http:\/\/www.redenoticia.com.br\/noticia\/?p=92942"},"modified":"2016-08-15T20:12:56","modified_gmt":"2016-08-15T23:12:56","slug":"cartorios-passam-a-autenticar-documentos-para-uso-em-112-paises","status":"publish","type":"post","link":"https:\/\/www.redenoticia.com.br\/noticia\/2016\/cartorios-passam-a-autenticar-documentos-para-uso-em-112-paises\/92942","title":{"rendered":"Cart\u00f3rios passam a autenticar documentos para uso em 112 pa\u00edses"},"content":{"rendered":"<p> Os cart\u00f3rios brasileiros come\u00e7am a <strong><em>autenticar documentos emitidos no Brasil<\/em><\/strong> para serem reconhecidos nos 112 pa\u00edses signat\u00e1rios da Conven\u00e7\u00e3o da Haia. A novidade foi tema de solenidade no 17\u00ba Tabeli\u00e3o de Notas, em S\u00e3o Paulo. \u201cEssa ades\u00e3o \u00e0 conven\u00e7\u00e3o representa um passo importante para diminuirmos o custo Brasil. Vamos aumentar a nossa competitividade, vamos nos inserir, definitivamente, nesse mundo globalizado, com rapidez e efici\u00eancia. Vamos aumentar tamb\u00e9m o interc\u00e2mbio cultural e educacional\u201d, disse o presidente do Supremo Tribunal Federal (STF), ministro Ricardo Lewandowski.<\/p>\n<p>Legaliza\u00e7\u00f5es<\/p>\n<p>Entre os documentos a serem autenticados est\u00e3o certid\u00f5es de nascimento, diplomas, certificados, procura\u00e7\u00f5es e escrituras. Dados do Minist\u00e9rio das Rela\u00e7\u00f5es Exteriores apontam que o total de legaliza\u00e7\u00f5es de documentos desse tipo por ano no pa\u00eds e na rede consular chega a 1,5 milh\u00e3o.<\/p>\n<p>Pelo processo antigo, o interessado precisava reconhecer firma em cart\u00f3rio, depois autenticar o reconhecimento de firma perante o Minist\u00e9rio das Rela\u00e7\u00f5es Exteriores e, por \u00faltimo, reconhecer essa autentica\u00e7\u00e3o na embaixada ou consulado do pa\u00eds para onde vai o documento.<\/p>\n<p>Com a mudan\u00e7a, o processo passa a ser feito em cart\u00f3rio, na cidade de origem do interessado, em apenas 10 minutos. \u201cA grande vantagem \u00e9 que o cidad\u00e3o que precisa autenticar um documento para que possa valer no exterior n\u00e3o precisa se deslocar para as grandes capitais. Ele vai a um cart\u00f3rio que esteja aparelhado com o sistema\u201d, explicou o ministro.<\/p>\n<p>\u201cHoje, n\u00f3s temos um sistema e documento \u00fanico, o selo emitido pela Casa da Moeda, imune a qualquer tipo de falsifica\u00e7\u00e3o, um grande avan\u00e7o\u201d, finalizou o presidente do Supremo Tribunal Federal.<\/p>\n<p>Fernanda Cruz \u2013 Rep\u00f3rter da Ag\u00eancia Brasil<br \/>\nEdi\u00e7\u00e3o: Kleber Sampaio<br \/>\n16\/08\/2016<\/p>\n","protected":false},"excerpt":{"rendered":"<p>Os cart\u00f3rios brasileiros come\u00e7am a autenticar documentos emitidos no Brasil para serem reconhecidos nos 112 pa\u00edses signat\u00e1rios da Conven\u00e7\u00e3o da Haia. A novidade foi tema de solenidade no 17\u00ba Tabeli\u00e3o de Notas, em S\u00e3o Paulo. \u201cEssa ades\u00e3o \u00e0 conven\u00e7\u00e3o representa um passo importante para diminuirmos o custo Brasil. Vamos aumentar a nossa competitividade, vamos nos [&hellip;]<\/p>\n","protected":false},"author":2,"featured_media":36248,"comment_status":"open","ping_status":"closed","sticky":false,"template":"","format":"standard","meta":{"_genesis_hide_title":false,"_genesis_hide_breadcrumbs":false,"_genesis_hide_singular_image":false,"_genesis_hide_footer_widgets":false,"_genesis_custom_body_class":"","_genesis_custom_post_class":"","_genesis_layout":"","_jetpack_memberships_contains_paid_content":false,"footnotes":""},"categories":[22],"tags":[],"class_list":{"0":"post-92942","1":"post","2":"type-post","3":"status-publish","4":"format-standard","5":"has-post-thumbnail","7":"category-brasil","8":"entry","9":"gs-1","10":"gs-odd","11":"gs-even","12":"gs-featured-content-entry"},"jetpack_featured_media_url":"https:\/\/www.redenoticia.com.br\/noticia\/imagens\/aluno-c.jpg","jetpack_sharing_enabled":true,"jetpack_likes_enabled":true,"_links":{"self":[{"href":"https:\/\/www.redenoticia.com.br\/noticia\/wp-json\/wp\/v2\/posts\/92942","targetHints":{"allow":["GET"]}}],"collection":[{"href":"https:\/\/www.redenoticia.com.br\/noticia\/wp-json\/wp\/v2\/posts"}],"about":[{"href":"https:\/\/www.redenoticia.com.br\/noticia\/wp-json\/wp\/v2\/types\/post"}],"author":[{"embeddable":true,"href":"https:\/\/www.redenoticia.com.br\/noticia\/wp-json\/wp\/v2\/users\/2"}],"replies":[{"embeddable":true,"href":"https:\/\/www.redenoticia.com.br\/noticia\/wp-json\/wp\/v2\/comments?post=92942"}],"version-history":[{"count":0,"href":"https:\/\/www.redenoticia.com.br\/noticia\/wp-json\/wp\/v2\/posts\/92942\/revisions"}],"wp:featuredmedia":[{"embeddable":true,"href":"https:\/\/www.redenoticia.com.br\/noticia\/wp-json\/wp\/v2\/media\/36248"}],"wp:attachment":[{"href":"https:\/\/www.redenoticia.com.br\/noticia\/wp-json\/wp\/v2\/media?parent=92942"}],"wp:term":[{"taxonomy":"category","embeddable":true,"href":"https:\/\/www.redenoticia.com.br\/noticia\/wp-json\/wp\/v2\/categories?post=92942"},{"taxonomy":"post_tag","embeddable":true,"href":"https:\/\/www.redenoticia.com.br\/noticia\/wp-json\/wp\/v2\/tags?post=92942"}],"curies":[{"name":"wp","href":"https:\/\/api.w.org\/{rel}","templated":true}]}}