{"id":92940,"date":"2016-08-16T06:10:05","date_gmt":"2016-08-16T09:10:05","guid":{"rendered":"http:\/\/www.redenoticia.com.br\/noticia\/?p=92940"},"modified":"2016-08-15T20:11:15","modified_gmt":"2016-08-15T23:11:15","slug":"seca-pode-levar-o-rio-acre-ao-seu-nivel-historico-mais-baixo","status":"publish","type":"post","link":"https:\/\/www.redenoticia.com.br\/noticia\/2016\/seca-pode-levar-o-rio-acre-ao-seu-nivel-historico-mais-baixo\/92940","title":{"rendered":"Seca pode levar o rio Acre ao seu n\u00edvel hist\u00f3rico mais baixo"},"content":{"rendered":"<p> Ag\u00eancia FAPESP \u2013 A seca que atinge o sudoeste da Amaz\u00f4nia, especialmente o Acre, deve se agravar ainda mais nos pr\u00f3ximos meses, alertou o Grupo de Trabalho em <strong><em>Previs\u00e3o Clim\u00e1tica Sazonal<\/em><\/strong> (GTPCS) do Minist\u00e9rio da Ci\u00eancia, Tecnologia, Inova\u00e7\u00f5es e Comunica\u00e7\u00f5es (MCTIC), de acordo com a Assessoria de Comunica\u00e7\u00e3o Social do Minist\u00e9rio.<\/p>\n<p>Segundo a previs\u00e3o, o rio Acre deve atingir o seu mais baixo n\u00edvel hist\u00f3rico (entre 1,20m e 1,30m) e impactar a navega\u00e7\u00e3o e o abastecimento de comunidades ribeirinhas da regi\u00e3o. O levantamento \u00e9 v\u00e1lido para os meses de agosto, setembro e outubro deste ano.<\/p>\n<p>O Acre \u00e9 o estado mais afetado pela estiagem que se estende tamb\u00e9m para o norte da Amaz\u00f4nia. Desde mar\u00e7o, o volume de chuvas \u00e9 deficit\u00e1rio na regi\u00e3o, em parte por conta do El Ni\u00f1o, que come\u00e7ou no outono do ano passado. O fen\u00f4meno est\u00e1 associado ao aquecimento das \u00e1guas do Oceano Pac\u00edfico equatorial, alterando os ventos em boa parte do planeta e o regime de chuvas. Na regi\u00e3o Norte, leva \u00e0 seca. A partir de junho, o La Ni\u00f1a, fen\u00f4meno oposto, come\u00e7ou a se desenvolver de forma fraca.<\/p>\n<p>&#8220;Esta estiagem \u00e9 fruto de uma intera\u00e7\u00e3o de v\u00e1rios fen\u00f4menos, notadamente o El Ni\u00f1o e a La Ni\u00f1a. Ela j\u00e1 se estende h\u00e1 quase seis meses, e n\u00e3o temos uma no\u00e7\u00e3o exata de quando vai normalizar. Estamos acompanhando a situa\u00e7\u00e3o mensalmente para avaliar como ela se comporta&#8221;, afirmou o chefe da Divis\u00e3o de Pesquisas do Centro Nacional de Monitoramento e Alertas de Desastres Naturais (Cemaden), , \u00e0 Assessoria de Comunica\u00e7\u00e3o Social do MCTIC.<\/p>\n<p>O documento alerta ainda para o alto risco de queimadas e inc\u00eandios florestais, especialmente na \u00e1rea central do Brasil e no sul e no leste da Amaz\u00f4nia. O n\u00famero de focos de inc\u00eandio pode atingir m\u00e1ximas hist\u00f3ricas. Contudo, a ado\u00e7\u00e3o de medidas de controle pode mitigar o problema no trimestre.<\/p>\n<p>Poucas chuvas no Nordeste<\/p>\n<p>A regi\u00e3o Nordeste tamb\u00e9m deve sofrer mais com a estiagem no per\u00edodo analisado. De acordo com o grupo de previs\u00e3o clim\u00e1tica do MCTIC, tradicionalmente, agosto \u00e9 o \u00faltimo m\u00eas da esta\u00e7\u00e3o chuvosa na parte leste da regi\u00e3o, mas tem chovido pouco desde abril, in\u00edcio do per\u00edodo de precipita\u00e7\u00f5es na regi\u00e3o. Com a baixa incid\u00eancia de chuvas nos \u00faltimos anos, a tend\u00eancia \u00e9 que a situa\u00e7\u00e3o se repita na zona da mata, que j\u00e1 apresenta valores abaixo da m\u00e9dia para a \u00e9poca do ano.<\/p>\n<p>&#8220;O panorama de poucas chuvas nessa \u00e1rea vem se arrastando desde 2012, e os n\u00edveis dos reservat\u00f3rios e dos rios est\u00e3o muito baixos, mesmo na zona da mata. E isso gera problemas para a popula\u00e7\u00e3o, porque pode haver desabastecimento&#8221;, destacou Jos\u00e9 Marengo.<\/p>\n<p>Participam do GTPCS o Instituto Nacional de Pesquisas Espaciais (Inpe), o Centro Nacional de Monitoramento e Alertas de Desastres Naturais (Cemaden) e o Instituto Nacional de Pesquisas da Amaz\u00f4nia (Inpa). A \u00edntegra do documento pode ser acessada aqui no endere\u00e7o .<\/p>\n","protected":false},"excerpt":{"rendered":"<p>Ag\u00eancia FAPESP \u2013 A seca que atinge o sudoeste da Amaz\u00f4nia, especialmente o Acre, deve se agravar ainda mais nos pr\u00f3ximos meses, alertou o Grupo de Trabalho em Previs\u00e3o Clim\u00e1tica Sazonal (GTPCS) do Minist\u00e9rio da Ci\u00eancia, Tecnologia, Inova\u00e7\u00f5es e Comunica\u00e7\u00f5es (MCTIC), de acordo com a Assessoria de Comunica\u00e7\u00e3o Social do Minist\u00e9rio. Segundo a previs\u00e3o, o [&hellip;]<\/p>\n","protected":false},"author":2,"featured_media":28409,"comment_status":"open","ping_status":"closed","sticky":false,"template":"","format":"standard","meta":{"_genesis_hide_title":false,"_genesis_hide_breadcrumbs":false,"_genesis_hide_singular_image":false,"_genesis_hide_footer_widgets":false,"_genesis_custom_body_class":"","_genesis_custom_post_class":"","_genesis_layout":"","_jetpack_memberships_contains_paid_content":false,"footnotes":""},"categories":[22],"tags":[],"class_list":{"0":"post-92940","1":"post","2":"type-post","3":"status-publish","4":"format-standard","5":"has-post-thumbnail","7":"category-brasil","8":"entry","9":"gs-1","10":"gs-odd","11":"gs-even","12":"gs-featured-content-entry"},"jetpack_featured_media_url":"https:\/\/www.redenoticia.com.br\/noticia\/imagens\/previsao-do-tempo-e-temperatura.jpg","jetpack_sharing_enabled":true,"jetpack_likes_enabled":true,"_links":{"self":[{"href":"https:\/\/www.redenoticia.com.br\/noticia\/wp-json\/wp\/v2\/posts\/92940","targetHints":{"allow":["GET"]}}],"collection":[{"href":"https:\/\/www.redenoticia.com.br\/noticia\/wp-json\/wp\/v2\/posts"}],"about":[{"href":"https:\/\/www.redenoticia.com.br\/noticia\/wp-json\/wp\/v2\/types\/post"}],"author":[{"embeddable":true,"href":"https:\/\/www.redenoticia.com.br\/noticia\/wp-json\/wp\/v2\/users\/2"}],"replies":[{"embeddable":true,"href":"https:\/\/www.redenoticia.com.br\/noticia\/wp-json\/wp\/v2\/comments?post=92940"}],"version-history":[{"count":0,"href":"https:\/\/www.redenoticia.com.br\/noticia\/wp-json\/wp\/v2\/posts\/92940\/revisions"}],"wp:featuredmedia":[{"embeddable":true,"href":"https:\/\/www.redenoticia.com.br\/noticia\/wp-json\/wp\/v2\/media\/28409"}],"wp:attachment":[{"href":"https:\/\/www.redenoticia.com.br\/noticia\/wp-json\/wp\/v2\/media?parent=92940"}],"wp:term":[{"taxonomy":"category","embeddable":true,"href":"https:\/\/www.redenoticia.com.br\/noticia\/wp-json\/wp\/v2\/categories?post=92940"},{"taxonomy":"post_tag","embeddable":true,"href":"https:\/\/www.redenoticia.com.br\/noticia\/wp-json\/wp\/v2\/tags?post=92940"}],"curies":[{"name":"wp","href":"https:\/\/api.w.org\/{rel}","templated":true}]}}