{"id":92938,"date":"2016-08-16T06:08:50","date_gmt":"2016-08-16T09:08:50","guid":{"rendered":"http:\/\/www.redenoticia.com.br\/noticia\/?p=92938"},"modified":"2016-08-15T20:09:51","modified_gmt":"2016-08-15T23:09:51","slug":"mec-fixa-regras-para-preencher-vagas-remanescentes-do-fies","status":"publish","type":"post","link":"https:\/\/www.redenoticia.com.br\/noticia\/2016\/mec-fixa-regras-para-preencher-vagas-remanescentes-do-fies\/92938","title":{"rendered":"MEC fixa regras para preencher vagas remanescentes do Fies"},"content":{"rendered":"<p> O Minist\u00e9rio da Educa\u00e7\u00e3o fixou crit\u00e9rios para a ocupa\u00e7\u00e3o de vagas remanescentes do Fundo de Financiamento Estudantil (<strong><em>Fies<\/em><\/strong>) referentes ao segundo semestre de 2016. As vagas remanescentes s\u00e3o aquelas n\u00e3o ocupadas durante o processo seletivo regular. As regras est\u00e3o em portaria publicada no Di\u00e1rio Oficial da Uni\u00e3o.<\/p>\n<p>De acordo com a portaria, a ocupa\u00e7\u00e3o das vagas remanescentes poder\u00e1 ocorrer em qualquer curso e turno das institui\u00e7\u00f5es de educa\u00e7\u00e3o superior da mantenedora que tiveram vagas selecionadas pela Secretaria de Educa\u00e7\u00e3o Superior do Minist\u00e9rio da Educa\u00e7\u00e3o.<\/p>\n<p>As vagas ser\u00e3o ofertadas em n\u00famero correspondente \u00e0 soma das remanescentes de todas as institui\u00e7\u00f5es de educa\u00e7\u00e3o superior da mantenedora, de acordo com a portaria.<\/p>\n<p>At\u00e9 o ano passado, as vagas remanescentes do processo regular de sele\u00e7\u00e3o deveriam ser preenchidas no pr\u00f3prio curso da institui\u00e7\u00e3o em que foram oferecidas.<\/p>\n<p>A inscri\u00e7\u00e3o dos estudantes ser\u00e1 feita por meio do Sistema de Sele\u00e7\u00e3o do Fies. Ainda n\u00e3o foi divulgada a data das inscri\u00e7\u00f5es e o n\u00famero de vagas dispon\u00edveis.<\/p>\n<p>Pode se inscrever o estudante que tenha participado do Exame Nacional do Ensino M\u00e9dio (Enem) a partir de 2010, com m\u00e9dia superior a 450 pontos, e n\u00e3o tenha tirado 0 na prova de reda\u00e7\u00e3o. Outro requisito \u00e9 ter renda familiar mensal bruta per capita de at\u00e9 tr\u00eas sal\u00e1rios m\u00ednimos.<\/p>\n<p>O Fies \u00e9 um programa do governo que oferece financiamento em institui\u00e7\u00f5es privadas de ensino superior com juros mais baixos a estudantes de baixa renda.<\/p>\n<p>Yara Aquino &#8211; Rep\u00f3rter da Ag\u00eancia Brasil<br \/>\nEdi\u00e7\u00e3o: Gra\u00e7a Adjuto<br \/>\n16\/08\/2016<\/p>\n","protected":false},"excerpt":{"rendered":"<p>O Minist\u00e9rio da Educa\u00e7\u00e3o fixou crit\u00e9rios para a ocupa\u00e7\u00e3o de vagas remanescentes do Fundo de Financiamento Estudantil (Fies) referentes ao segundo semestre de 2016. As vagas remanescentes s\u00e3o aquelas n\u00e3o ocupadas durante o processo seletivo regular. As regras est\u00e3o em portaria publicada no Di\u00e1rio Oficial da Uni\u00e3o. De acordo com a portaria, a ocupa\u00e7\u00e3o das [&hellip;]<\/p>\n","protected":false},"author":2,"featured_media":26465,"comment_status":"open","ping_status":"closed","sticky":false,"template":"","format":"standard","meta":{"_genesis_hide_title":false,"_genesis_hide_breadcrumbs":false,"_genesis_hide_singular_image":false,"_genesis_hide_footer_widgets":false,"_genesis_custom_body_class":"","_genesis_custom_post_class":"","_genesis_layout":"","_jetpack_memberships_contains_paid_content":false,"footnotes":""},"categories":[22],"tags":[],"class_list":{"0":"post-92938","1":"post","2":"type-post","3":"status-publish","4":"format-standard","5":"has-post-thumbnail","7":"category-brasil","8":"entry","9":"gs-1","10":"gs-odd","11":"gs-even","12":"gs-featured-content-entry"},"jetpack_featured_media_url":"https:\/\/www.redenoticia.com.br\/noticia\/imagens\/fies-financiamento-estudantil-inscricao-resultado.jpg","jetpack_sharing_enabled":true,"jetpack_likes_enabled":true,"_links":{"self":[{"href":"https:\/\/www.redenoticia.com.br\/noticia\/wp-json\/wp\/v2\/posts\/92938","targetHints":{"allow":["GET"]}}],"collection":[{"href":"https:\/\/www.redenoticia.com.br\/noticia\/wp-json\/wp\/v2\/posts"}],"about":[{"href":"https:\/\/www.redenoticia.com.br\/noticia\/wp-json\/wp\/v2\/types\/post"}],"author":[{"embeddable":true,"href":"https:\/\/www.redenoticia.com.br\/noticia\/wp-json\/wp\/v2\/users\/2"}],"replies":[{"embeddable":true,"href":"https:\/\/www.redenoticia.com.br\/noticia\/wp-json\/wp\/v2\/comments?post=92938"}],"version-history":[{"count":0,"href":"https:\/\/www.redenoticia.com.br\/noticia\/wp-json\/wp\/v2\/posts\/92938\/revisions"}],"wp:featuredmedia":[{"embeddable":true,"href":"https:\/\/www.redenoticia.com.br\/noticia\/wp-json\/wp\/v2\/media\/26465"}],"wp:attachment":[{"href":"https:\/\/www.redenoticia.com.br\/noticia\/wp-json\/wp\/v2\/media?parent=92938"}],"wp:term":[{"taxonomy":"category","embeddable":true,"href":"https:\/\/www.redenoticia.com.br\/noticia\/wp-json\/wp\/v2\/categories?post=92938"},{"taxonomy":"post_tag","embeddable":true,"href":"https:\/\/www.redenoticia.com.br\/noticia\/wp-json\/wp\/v2\/tags?post=92938"}],"curies":[{"name":"wp","href":"https:\/\/api.w.org\/{rel}","templated":true}]}}