{"id":92811,"date":"2016-08-15T06:16:01","date_gmt":"2016-08-15T09:16:01","guid":{"rendered":"http:\/\/www.redenoticia.com.br\/noticia\/?p=92811"},"modified":"2016-08-12T20:17:47","modified_gmt":"2016-08-12T23:17:47","slug":"atividade-economica-tem-queda-de-053-no-segundo-trimestre","status":"publish","type":"post","link":"https:\/\/www.redenoticia.com.br\/noticia\/2016\/atividade-economica-tem-queda-de-053-no-segundo-trimestre\/92811","title":{"rendered":"Atividade econ\u00f4mica tem queda de 0,53% no segundo trimestre"},"content":{"rendered":"<p> A <strong><em>atividade econ\u00f4mica<\/em><\/strong> registrou queda no segundo trimestre deste ano. Segundo o \u00cdndice de Atividade Econ\u00f4mica do Banco Central (IBC-Br) dessazonalizado (ajustado para o per\u00edodo) houve retra\u00e7\u00e3o de 0,53% no segundo trimestre, comparado com o per\u00edodo de janeiro a mar\u00e7o deste ano.<\/p>\n<p>Em rela\u00e7\u00e3o ao segundo trimestre de 2015, a queda ficou em 4,37%, segundo os dados sem ajustes, j\u00e1 que a compara\u00e7\u00e3o \u00e9 feita entre per\u00edodos iguais.<\/p>\n<p>Em junho, o IBC-Br registrou crescimento de 0,23% na compara\u00e7\u00e3o com maio (dado dessazonalizado). No primeiro semestre, houve retra\u00e7\u00e3o de 5,96% e, em 12 meses encerrados em junho, de 5,67%.<\/p>\n<p>O IBC-Br \u00e9 uma forma de avaliar a evolu\u00e7\u00e3o da atividade econ\u00f4mica brasileira e ajuda o BC a tomar  decis\u00f5es sobre a taxa b\u00e1sica de juros, a Selic.<\/p>\n<p>O \u00edndice incorpora informa\u00e7\u00f5es sobre o n\u00edvel de atividade dos tr\u00eas setores da economia: ind\u00fastria, com\u00e9rcio e servi\u00e7os e agropecu\u00e1ria, al\u00e9m do volume de impostos. Mas o indicador oficial sobre o desempenho da economia \u00e9 o Produto Interno Bruto (PIB), calculado pelo Instituto Brasileiro de Geografia e Estat\u00edstica (IBGE). O PIB \u00e9 a soma de todas as riquezas produzidas pelo pa\u00eds.<\/p>\n<p>Kelly Oliveira &#8211; Rep\u00f3rter da Ag\u00eancia Brasil<br \/>\nEdi\u00e7\u00e3o: Kleber Sampaio<br \/>\n15\/08\/2016 <\/p>\n","protected":false},"excerpt":{"rendered":"<p>A atividade econ\u00f4mica registrou queda no segundo trimestre deste ano. Segundo o \u00cdndice de Atividade Econ\u00f4mica do Banco Central (IBC-Br) dessazonalizado (ajustado para o per\u00edodo) houve retra\u00e7\u00e3o de 0,53% no segundo trimestre, comparado com o per\u00edodo de janeiro a mar\u00e7o deste ano. Em rela\u00e7\u00e3o ao segundo trimestre de 2015, a queda ficou em 4,37%, segundo [&hellip;]<\/p>\n","protected":false},"author":2,"featured_media":57583,"comment_status":"open","ping_status":"closed","sticky":false,"template":"","format":"standard","meta":{"_genesis_hide_title":false,"_genesis_hide_breadcrumbs":false,"_genesis_hide_singular_image":false,"_genesis_hide_footer_widgets":false,"_genesis_custom_body_class":"","_genesis_custom_post_class":"","_genesis_layout":"","_jetpack_memberships_contains_paid_content":false,"footnotes":""},"categories":[22,7],"tags":[],"class_list":{"0":"post-92811","1":"post","2":"type-post","3":"status-publish","4":"format-standard","5":"has-post-thumbnail","7":"category-brasil","8":"category-economia","9":"entry","10":"gs-1","11":"gs-odd","12":"gs-even","13":"gs-featured-content-entry"},"jetpack_featured_media_url":"https:\/\/www.redenoticia.com.br\/noticia\/imagens\/economia-grafico.jpg","jetpack_sharing_enabled":true,"jetpack_likes_enabled":true,"_links":{"self":[{"href":"https:\/\/www.redenoticia.com.br\/noticia\/wp-json\/wp\/v2\/posts\/92811","targetHints":{"allow":["GET"]}}],"collection":[{"href":"https:\/\/www.redenoticia.com.br\/noticia\/wp-json\/wp\/v2\/posts"}],"about":[{"href":"https:\/\/www.redenoticia.com.br\/noticia\/wp-json\/wp\/v2\/types\/post"}],"author":[{"embeddable":true,"href":"https:\/\/www.redenoticia.com.br\/noticia\/wp-json\/wp\/v2\/users\/2"}],"replies":[{"embeddable":true,"href":"https:\/\/www.redenoticia.com.br\/noticia\/wp-json\/wp\/v2\/comments?post=92811"}],"version-history":[{"count":0,"href":"https:\/\/www.redenoticia.com.br\/noticia\/wp-json\/wp\/v2\/posts\/92811\/revisions"}],"wp:featuredmedia":[{"embeddable":true,"href":"https:\/\/www.redenoticia.com.br\/noticia\/wp-json\/wp\/v2\/media\/57583"}],"wp:attachment":[{"href":"https:\/\/www.redenoticia.com.br\/noticia\/wp-json\/wp\/v2\/media?parent=92811"}],"wp:term":[{"taxonomy":"category","embeddable":true,"href":"https:\/\/www.redenoticia.com.br\/noticia\/wp-json\/wp\/v2\/categories?post=92811"},{"taxonomy":"post_tag","embeddable":true,"href":"https:\/\/www.redenoticia.com.br\/noticia\/wp-json\/wp\/v2\/tags?post=92811"}],"curies":[{"name":"wp","href":"https:\/\/api.w.org\/{rel}","templated":true}]}}