{"id":92807,"date":"2016-08-15T06:13:14","date_gmt":"2016-08-15T09:13:14","guid":{"rendered":"http:\/\/www.redenoticia.com.br\/noticia\/?p=92807"},"modified":"2016-08-12T20:14:32","modified_gmt":"2016-08-12T23:14:32","slug":"petrobras-nao-preve-reajuste-de-combustiveis","status":"publish","type":"post","link":"https:\/\/www.redenoticia.com.br\/noticia\/2016\/petrobras-nao-preve-reajuste-de-combustiveis\/92807","title":{"rendered":"Petrobras n\u00e3o prev\u00ea reajuste de combust\u00edveis"},"content":{"rendered":"<p> A Petrobras n\u00e3o tem previs\u00e3o de fazer um <strong><em>reajuste de pre\u00e7os dos combust\u00edveis<\/em><\/strong>, no momento. Mas, o diretor de Refino e G\u00e1s Natural, Jorge Celestino, disse que a companhia tem mantido a pr\u00e1tica de avaliar a garantia de que pratica pre\u00e7os competitivos, de participa\u00e7\u00e3o no mercado e, na medida em que for necess\u00e1rio mexer nos valores, a decis\u00e3o ser\u00e1 tomada.<\/p>\n<p>\u201cPor enquanto, o cen\u00e1rio n\u00e3o est\u00e1 muito claro&#8230;Na hora em que precisar tomar uma decis\u00e3o, a gente vai tomar\u201d, disse Celestino.<\/p>\n<p>O diretor financeiro e de relacionamento com investidores da Petrobras, Ivan Monteiro explicou que o lucro l\u00edquido de R$ 370 milh\u00f5es, registrado pela companhia no segundo trimestre de 2016, ficou abaixo das expectativas de mercado porque as previs\u00f5es n\u00e3o levaram em conta o impairment (ajuste de desvaloriza\u00e7\u00e3o de ativos) do Complexo Petroqu\u00edmico do Rio de Janeiro (Comperj), o provisionamento para o Programa de Demiss\u00e3o Volunt\u00e1ria (PDV) e a devolu\u00e7\u00e3o de campos \u00e0 Ag\u00eancia Nacional do Petr\u00f3leo, G\u00e1s Natural e Biocombust\u00edveis (ANP).<\/p>\n<p>O n\u00famero \u00e9 positivo em rela\u00e7\u00e3o aos tr\u00eas primeiros meses de 2016, quando a estatal registrou preju\u00edzo de R$ 1,2 bilh\u00e3o. \u201cEsses tr\u00eas fatos mais do que justificam a diferen\u00e7a em rela\u00e7\u00e3o \u00e0 m\u00e9dia apontada pelos analistas\u201d, explicou o diretor da Petrobras. A companhia permanece na busca de parceiros para os projetos do Complexo Petroqu\u00edmico do Rio de Janeiro (Comperj) e, segundo o diretor de Refino e G\u00e1s Natural, Jorge Celestino, at\u00e9 o momento, a Petrobras gastou no empreendimento cerca de US$ 13,5 bilh\u00f5es.<\/p>\n<p> O balan\u00e7o do segundo trimestre n\u00e3o registrou a venda da subsidi\u00e1ria da Argentina, inclu\u00edda no programa de desinvestimentos da empresa. Monteiro afirmou que isso ocorreu porque o valor foi recebido posteriormente ao fechamento. A venda da subsidi\u00e1ria do Chile tamb\u00e9m n\u00e3o foi inclu\u00edda, porque o caixa da opera\u00e7\u00e3o ainda n\u00e3o foi recebido. No caso da Argentina, este processo levou de quatro a cinco meses.<\/p>\n<p>\u201cProcuramos dar ampla competitividade ao processo. Isso \u00e9 a quest\u00e3o mais importante. \u00c9 da competitividade que vir\u00e1 efetivamente a gera\u00e7\u00e3o de valor para a Petrobras. H\u00e1 uma concentra\u00e7\u00e3o para o cumprimento da meta no segundo semestre. Efetivamente h\u00e1, mas estamos bastante esperan\u00e7osos de que vamos conseguir atingir os nossos objetivos\u201d.<\/p>\n<p>Conforme o diretor, o ativo mais caro vendido pela Petrobras, at\u00e9 agora, foi um campo no Peru, em 2014, na faixa de US$ 3 bilh\u00f5es. Monteiro destacou que est\u00e1 mantida a meta do programa de desinvestimentos para o bi\u00eanio 2015\/2016, em US$ 15,1bilh\u00f5es. \u201cEstamos perseguindo esta meta com bastante tenacidade\u201d, disse ele.<\/p>\n<p>\u201cO programa de desinvestimentos auxiliar\u00e1 bastante na redu\u00e7\u00e3o do endividamento da companhia e no aux\u00edlio ao pr\u00f3prio programa de investimentos. Apesar da redu\u00e7\u00e3o que foi praticada, ele \u00e9 um n\u00famero extremamente expressivo ainda, na faixa entre US$ 17 bilh\u00f5es a US$ 19 bilh\u00f5es. A companhia tem procurado manter estes n\u00fameros, que s\u00e3o divulgados como metas que ela persegue a cada trimestre\u201d.<\/p>\n<p>O diretor de Estrat\u00e9gia, Organiza\u00e7\u00e3o e Sistema de Gest\u00e3o da Petrobras, N\u00e9lson Luiz Costa Silva, revelou que, em meados de setembro, ser\u00e1 divulgado o Plano de Neg\u00f3cios da companhia. Ele est\u00e1 h\u00e1 poucos dias no cargo, que foi criado ap\u00f3s aprova\u00e7\u00e3o de assembleia geral extraordin\u00e1ria de acionistas no dia 4 deste m\u00eas. A elei\u00e7\u00e3o no Conselho de Administra\u00e7\u00e3o foi ontem (10) e N\u00e9lson Luiz contou que o plano vai trazer algumas novidades: \u201c\u00c9 um plano que vem com uma cara moderna, que integra toda a empresa, que integra planejamento estrat\u00e9gico com plano de gest\u00e3o, com sistema, de controle de gest\u00e3o bastante moderno\u201d, disse.<\/p>\n<p>O diretor de Assuntos Corporativos, Hugo Repsold Junior, disse que a ades\u00e3o ao Programa de Desligamento Volunt\u00e1rio (PDV) vai at\u00e9 o dia 31 de agosto e que at\u00e9 o in\u00edcio do m\u00eas recebeu 5 mil inscri\u00e7\u00f5es, mas a previs\u00e3o \u00e9 fechar com um n\u00famero maior: \u201cComo este processo termina no final de agosto, devemos ter uma acelera\u00e7\u00e3o j\u00e1 no seu final e a gente est\u00e1 mantendo a proje\u00e7\u00e3o de um n\u00famero entre seis mil e sete mil empregados. \u00c9 ainda impreciso. Vamos esperar o comportamento no final do m\u00eas, mas est\u00e3o mantidas estas proje\u00e7\u00f5es\u201d.<\/p>\n<p>Cristina Indio do Brasil\/Ag\u00eancia Brasil<br \/>\nEdi\u00e7\u00e3o: Jorge Wamburg<br \/>\n15\/08\/2016<\/p>\n","protected":false},"excerpt":{"rendered":"<p>A Petrobras n\u00e3o tem previs\u00e3o de fazer um reajuste de pre\u00e7os dos combust\u00edveis, no momento. Mas, o diretor de Refino e G\u00e1s Natural, Jorge Celestino, disse que a companhia tem mantido a pr\u00e1tica de avaliar a garantia de que pratica pre\u00e7os competitivos, de participa\u00e7\u00e3o no mercado e, na medida em que for necess\u00e1rio mexer nos [&hellip;]<\/p>\n","protected":false},"author":2,"featured_media":34985,"comment_status":"open","ping_status":"closed","sticky":false,"template":"","format":"standard","meta":{"_genesis_hide_title":false,"_genesis_hide_breadcrumbs":false,"_genesis_hide_singular_image":false,"_genesis_hide_footer_widgets":false,"_genesis_custom_body_class":"","_genesis_custom_post_class":"","_genesis_layout":"","_jetpack_memberships_contains_paid_content":false,"footnotes":""},"categories":[22,7],"tags":[],"class_list":{"0":"post-92807","1":"post","2":"type-post","3":"status-publish","4":"format-standard","5":"has-post-thumbnail","7":"category-brasil","8":"category-economia","9":"entry","10":"gs-1","11":"gs-odd","12":"gs-even","13":"gs-featured-content-entry"},"jetpack_featured_media_url":"https:\/\/www.redenoticia.com.br\/noticia\/imagens\/combustivel.jpg","jetpack_sharing_enabled":true,"jetpack_likes_enabled":true,"_links":{"self":[{"href":"https:\/\/www.redenoticia.com.br\/noticia\/wp-json\/wp\/v2\/posts\/92807","targetHints":{"allow":["GET"]}}],"collection":[{"href":"https:\/\/www.redenoticia.com.br\/noticia\/wp-json\/wp\/v2\/posts"}],"about":[{"href":"https:\/\/www.redenoticia.com.br\/noticia\/wp-json\/wp\/v2\/types\/post"}],"author":[{"embeddable":true,"href":"https:\/\/www.redenoticia.com.br\/noticia\/wp-json\/wp\/v2\/users\/2"}],"replies":[{"embeddable":true,"href":"https:\/\/www.redenoticia.com.br\/noticia\/wp-json\/wp\/v2\/comments?post=92807"}],"version-history":[{"count":0,"href":"https:\/\/www.redenoticia.com.br\/noticia\/wp-json\/wp\/v2\/posts\/92807\/revisions"}],"wp:featuredmedia":[{"embeddable":true,"href":"https:\/\/www.redenoticia.com.br\/noticia\/wp-json\/wp\/v2\/media\/34985"}],"wp:attachment":[{"href":"https:\/\/www.redenoticia.com.br\/noticia\/wp-json\/wp\/v2\/media?parent=92807"}],"wp:term":[{"taxonomy":"category","embeddable":true,"href":"https:\/\/www.redenoticia.com.br\/noticia\/wp-json\/wp\/v2\/categories?post=92807"},{"taxonomy":"post_tag","embeddable":true,"href":"https:\/\/www.redenoticia.com.br\/noticia\/wp-json\/wp\/v2\/tags?post=92807"}],"curies":[{"name":"wp","href":"https:\/\/api.w.org\/{rel}","templated":true}]}}