{"id":92803,"date":"2016-08-15T06:09:45","date_gmt":"2016-08-15T09:09:45","guid":{"rendered":"http:\/\/www.redenoticia.com.br\/noticia\/?p=92803"},"modified":"2016-08-12T20:11:47","modified_gmt":"2016-08-12T23:11:47","slug":"numero-de-passageiros-que-usam-onibus-como-transporte-publico-cai-9","status":"publish","type":"post","link":"https:\/\/www.redenoticia.com.br\/noticia\/2016\/numero-de-passageiros-que-usam-onibus-como-transporte-publico-cai-9\/92803","title":{"rendered":"N\u00famero de passageiros que usam \u00f4nibus como transporte p\u00fablico cai 9%"},"content":{"rendered":"<p> Estudo divulgado pela Associa\u00e7\u00e3o Nacional de Transporte Urbano (NTU) mostra que o n\u00famero de passageiros que usaram o <strong><em>\u00f4nibus como transporte<\/em><\/strong> p\u00fablico em 2015 teve uma redu\u00e7\u00e3o de 9% por m\u00eas em rela\u00e7\u00e3o a 2014. O estudo considerou dados de Belo Horizonte, Curitiba, Fortaleza, Goi\u00e2nia, Porto Alegre, Recife, Rio de Janeiro, Salvador e S\u00e3o Paulo, que representam a maior demanda nacional por esse tipo de transporte.<\/p>\n<p>Nessas localidades, o n\u00famero de passageiros transportados por m\u00eas caiu de 382,3 milh\u00f5es em 2014 para 347,8 milh\u00f5es em 2015. Segundo o levantamento anual da NTU, ao projetar a redu\u00e7\u00e3o de 9% registrada nessas cidades para o restante do pa\u00eds, estima-se que 3,22 milh\u00f5es de passageiros deixaram de usar \u00f4nibus como transporte p\u00fablico por dia. \u201cEstamos atribuindo isso \u00e0 crise econ\u00f4mica vivida pelo pa\u00eds, ao \u00edndice de desemprego, \u00e0 infla\u00e7\u00e3o alta e principalmente \u00e0 falta de investimento p\u00fablico no setor de transporte\u201d, disse o presidente da entidade, Ot\u00e1vio Cunha.<\/p>\n<p>Segundo ele, as pessoas est\u00e3o deixando de usar o \u00f4nibus e n\u00e3o substituindo esse tipo de transporte por outro. Para o presidente da associa\u00e7\u00e3o, o \u00f4nibus deixou de ser usado para deslocamentos n\u00e3o essenciais como o lazer, por exemplo, e por pessoas que est\u00e3o desempregadas, que acabam por reduzir a quantidade de deslocamentos feitos. Os congestionamentos nas cidades tamb\u00e9m podem ser uma explica\u00e7\u00e3o para a redu\u00e7\u00e3o da demanda pelos \u00f4nibus, entre outros fatores, de acordo com o relat\u00f3rio.<\/p>\n<p> Como solu\u00e7\u00e3o para o setor, o presidente da NTU defende outras fontes de coleta de recursos al\u00e9m do bilhete cobrado dos passageiros. \u201cPrioridade para o transporte p\u00fablico, aumentar os investimentos p\u00fablicos e buscar uma sa\u00edda para subvencionar [subsidiar] o transporte sem que seja onerando o pre\u00e7o da passagem. Buscar fontes de recursos extratarif\u00e1rios para poder subvencionar o transporte\u201d, listou Cunha.<\/p>\n<p>Imposto na gasolina para baratear passagens<\/p>\n<p>Entre as formas de arrecadar esses recursos, uma op\u00e7\u00e3o, de acordo com a associa\u00e7\u00e3o, seria cobrar uma taxa na gasolina. \u201cSe voc\u00ea considerar que 70% da via \u00e9 ocupada pelo transporte individual e o \u00f4nibus ocupa apenas 8% da via, e ele transporta muito mais pessoas, acho que voc\u00ea estaria democratizando o espa\u00e7o urbano dando prioridade ao transporte coletivo\u201d, disse o presidente da NTU.<\/p>\n<p>A sugest\u00e3o da entidade \u00e9 que o imposto seja municipal e que cada prefeitura possa avaliar o valor que seria necess\u00e1rio para investir no transporte p\u00fablico local. Os recursos, segundo o presidente da associa\u00e7\u00e3o, seriam usados para melhorar a qualidade do transporte e reduzir o valor da passagem.<\/p>\n<p>\u201cFizemos uma simula\u00e7\u00e3o nacional considerando todo o consumo de combust\u00edvel, \u00f3leo diesel, gasolina, \u00e1lcool e g\u00e1s. Com R$ 0,10 de aumento do pre\u00e7o, poderia se reduzir 30% no pre\u00e7o das passagens\u201d, calculou.<\/p>\n<p>Mich\u00e8lle Canes &#8211; Rep\u00f3rter da Ag\u00eancia Brasil<br \/>\nEdi\u00e7\u00e3o: Luana Louren\u00e7o<br \/>\n15\/08\/2016<\/p>\n","protected":false},"excerpt":{"rendered":"<p>Estudo divulgado pela Associa\u00e7\u00e3o Nacional de Transporte Urbano (NTU) mostra que o n\u00famero de passageiros que usaram o \u00f4nibus como transporte p\u00fablico em 2015 teve uma redu\u00e7\u00e3o de 9% por m\u00eas em rela\u00e7\u00e3o a 2014. O estudo considerou dados de Belo Horizonte, Curitiba, Fortaleza, Goi\u00e2nia, Porto Alegre, Recife, Rio de Janeiro, Salvador e S\u00e3o Paulo, [&hellip;]<\/p>\n","protected":false},"author":2,"featured_media":35207,"comment_status":"open","ping_status":"closed","sticky":false,"template":"","format":"standard","meta":{"_genesis_hide_title":false,"_genesis_hide_breadcrumbs":false,"_genesis_hide_singular_image":false,"_genesis_hide_footer_widgets":false,"_genesis_custom_body_class":"","_genesis_custom_post_class":"","_genesis_layout":"","_jetpack_memberships_contains_paid_content":false,"footnotes":""},"categories":[22,7],"tags":[],"class_list":{"0":"post-92803","1":"post","2":"type-post","3":"status-publish","4":"format-standard","5":"has-post-thumbnail","7":"category-brasil","8":"category-economia","9":"entry","10":"gs-1","11":"gs-odd","12":"gs-even","13":"gs-featured-content-entry"},"jetpack_featured_media_url":"https:\/\/www.redenoticia.com.br\/noticia\/imagens\/transito-estradas.jpg","jetpack_sharing_enabled":true,"jetpack_likes_enabled":true,"_links":{"self":[{"href":"https:\/\/www.redenoticia.com.br\/noticia\/wp-json\/wp\/v2\/posts\/92803","targetHints":{"allow":["GET"]}}],"collection":[{"href":"https:\/\/www.redenoticia.com.br\/noticia\/wp-json\/wp\/v2\/posts"}],"about":[{"href":"https:\/\/www.redenoticia.com.br\/noticia\/wp-json\/wp\/v2\/types\/post"}],"author":[{"embeddable":true,"href":"https:\/\/www.redenoticia.com.br\/noticia\/wp-json\/wp\/v2\/users\/2"}],"replies":[{"embeddable":true,"href":"https:\/\/www.redenoticia.com.br\/noticia\/wp-json\/wp\/v2\/comments?post=92803"}],"version-history":[{"count":0,"href":"https:\/\/www.redenoticia.com.br\/noticia\/wp-json\/wp\/v2\/posts\/92803\/revisions"}],"wp:featuredmedia":[{"embeddable":true,"href":"https:\/\/www.redenoticia.com.br\/noticia\/wp-json\/wp\/v2\/media\/35207"}],"wp:attachment":[{"href":"https:\/\/www.redenoticia.com.br\/noticia\/wp-json\/wp\/v2\/media?parent=92803"}],"wp:term":[{"taxonomy":"category","embeddable":true,"href":"https:\/\/www.redenoticia.com.br\/noticia\/wp-json\/wp\/v2\/categories?post=92803"},{"taxonomy":"post_tag","embeddable":true,"href":"https:\/\/www.redenoticia.com.br\/noticia\/wp-json\/wp\/v2\/tags?post=92803"}],"curies":[{"name":"wp","href":"https:\/\/api.w.org\/{rel}","templated":true}]}}