{"id":92712,"date":"2016-08-12T06:18:52","date_gmt":"2016-08-12T09:18:52","guid":{"rendered":"http:\/\/www.redenoticia.com.br\/noticia\/?p=92712"},"modified":"2016-08-11T20:19:49","modified_gmt":"2016-08-11T23:19:49","slug":"procura-por-credito-cai-68-em-julho-revela-pesquisa","status":"publish","type":"post","link":"https:\/\/www.redenoticia.com.br\/noticia\/2016\/procura-por-credito-cai-68-em-julho-revela-pesquisa\/92712","title":{"rendered":"Procura por cr\u00e9dito cai 6,8% em julho, revela pesquisa"},"content":{"rendered":"<p> A <strong><em>busca por cr\u00e9dito<\/em><\/strong> no pa\u00eds diminuiu 6,8% em julho \u00faltimo, na compara\u00e7\u00e3o com julho de 2015, e 5,3% sobre junho \u00faltimo, diz pesquisa do Indicador Serasa Experian da Demanda do Consumidor por Cr\u00e9dito. J\u00e1 no acumulado dos sete primeiros meses do ano, houve alta de 1,7%.<\/p>\n<p>Por meio de nota, os economistas da Serasa afirmaram que, \u201capesar de discretas melhoras recentes no grau de confian\u00e7a dos consumidores, infla\u00e7\u00e3o alta (puxada por alimentos), juros em eleva\u00e7\u00e3o e desemprego crescente continuam desestimulando os consumidores a assumir novos compromissos credit\u00edcios\u201d.<\/p>\n<p>Queda maior entre os mais pobres<\/p>\n<p>A pesquisa indica que o recuo no movimento em busca por cr\u00e9dito foi mais expressivo na faixa de renda at\u00e9 R$ 500 mensais (-6,7%). Entre os que recebem, mensalmente, de R$ 500 a R$ 1.000, houve uma baixa de 5,3%.<\/p>\n<p>Para os que ganham entre R$ 1.000 e R$ 2.000 mensais, a procura diminuiu 5,1%, o mesmo percentual de queda observada nos ganhos entre R$ 2.000 e R$ 5.000 por m\u00eas. No caso dos consumidores com renda mensal entre R$ 5 mil e R$ 10 mil, a procura caiu em 6% e, na faixa acima de R$ 10 mil, houve retra\u00e7\u00e3o de 6,4%.<\/p>\n<p>J\u00e1 de janeiro a julho deste ano comparado ao mesmo per\u00edodo de 2015, ocorreu recuo apenas na classe mais pobre (renda de at\u00e9 R$ 500 mensais) com redu\u00e7\u00e3o de 2,2%. Na faixa entre R$ 500 e R$ 1.000, houve eleva\u00e7\u00e3o de 1,1%; R$ 1.000 e R$ 2.000 (2,6%); renda mensal entre R$ 2 mil e R$ 5 mil (3,0%); renda mensal entre R$ 5 mil e R$ 10 mil (3,1%) e renda mensal acima de R$ 10 mil (2,4%).<\/p>\n<p>Por regi\u00e3o, o maior decl\u00ednio em julho sobre junho \u00faltimo ocorreu no Sudeste (-6,1%), seguido pelas regi\u00f5es do Nordeste (-5,6%); Sul (-5,0%); Centro-Oeste (-2,9%) e Norte (-2,8%). No acumulado do ano, a demanda do consumidor por cr\u00e9dito subiu 4,0% na regi\u00e3o Sul, 2,5% no Sudeste e no Centro-Oeste. Foram registradas quedas de 3,9% no Norte e de 1,7%, no Nordeste.<\/p>\n<p>Marli Moreira &#8211; Rep\u00f3rter da Ag\u00eancia Brasil<br \/>\nEdi\u00e7\u00e3o: Kleber Sampaio<br \/>\n12\/08\/2016 <\/p>\n","protected":false},"excerpt":{"rendered":"<p>A busca por cr\u00e9dito no pa\u00eds diminuiu 6,8% em julho \u00faltimo, na compara\u00e7\u00e3o com julho de 2015, e 5,3% sobre junho \u00faltimo, diz pesquisa do Indicador Serasa Experian da Demanda do Consumidor por Cr\u00e9dito. J\u00e1 no acumulado dos sete primeiros meses do ano, houve alta de 1,7%. Por meio de nota, os economistas da Serasa [&hellip;]<\/p>\n","protected":false},"author":2,"featured_media":57583,"comment_status":"open","ping_status":"closed","sticky":false,"template":"","format":"standard","meta":{"_genesis_hide_title":false,"_genesis_hide_breadcrumbs":false,"_genesis_hide_singular_image":false,"_genesis_hide_footer_widgets":false,"_genesis_custom_body_class":"","_genesis_custom_post_class":"","_genesis_layout":"","_jetpack_memberships_contains_paid_content":false,"footnotes":""},"categories":[22,7],"tags":[],"class_list":{"0":"post-92712","1":"post","2":"type-post","3":"status-publish","4":"format-standard","5":"has-post-thumbnail","7":"category-brasil","8":"category-economia","9":"entry","10":"gs-1","11":"gs-odd","12":"gs-even","13":"gs-featured-content-entry"},"jetpack_featured_media_url":"https:\/\/www.redenoticia.com.br\/noticia\/imagens\/economia-grafico.jpg","jetpack_sharing_enabled":true,"jetpack_likes_enabled":true,"_links":{"self":[{"href":"https:\/\/www.redenoticia.com.br\/noticia\/wp-json\/wp\/v2\/posts\/92712","targetHints":{"allow":["GET"]}}],"collection":[{"href":"https:\/\/www.redenoticia.com.br\/noticia\/wp-json\/wp\/v2\/posts"}],"about":[{"href":"https:\/\/www.redenoticia.com.br\/noticia\/wp-json\/wp\/v2\/types\/post"}],"author":[{"embeddable":true,"href":"https:\/\/www.redenoticia.com.br\/noticia\/wp-json\/wp\/v2\/users\/2"}],"replies":[{"embeddable":true,"href":"https:\/\/www.redenoticia.com.br\/noticia\/wp-json\/wp\/v2\/comments?post=92712"}],"version-history":[{"count":0,"href":"https:\/\/www.redenoticia.com.br\/noticia\/wp-json\/wp\/v2\/posts\/92712\/revisions"}],"wp:featuredmedia":[{"embeddable":true,"href":"https:\/\/www.redenoticia.com.br\/noticia\/wp-json\/wp\/v2\/media\/57583"}],"wp:attachment":[{"href":"https:\/\/www.redenoticia.com.br\/noticia\/wp-json\/wp\/v2\/media?parent=92712"}],"wp:term":[{"taxonomy":"category","embeddable":true,"href":"https:\/\/www.redenoticia.com.br\/noticia\/wp-json\/wp\/v2\/categories?post=92712"},{"taxonomy":"post_tag","embeddable":true,"href":"https:\/\/www.redenoticia.com.br\/noticia\/wp-json\/wp\/v2\/tags?post=92712"}],"curies":[{"name":"wp","href":"https:\/\/api.w.org\/{rel}","templated":true}]}}