{"id":92710,"date":"2016-08-12T06:17:34","date_gmt":"2016-08-12T09:17:34","guid":{"rendered":"http:\/\/www.redenoticia.com.br\/noticia\/?p=92710"},"modified":"2016-08-11T20:18:44","modified_gmt":"2016-08-11T23:18:44","slug":"emprestimos-bancarios-sobem-2488-em-10-anos-diz-anefac","status":"publish","type":"post","link":"https:\/\/www.redenoticia.com.br\/noticia\/2016\/emprestimos-bancarios-sobem-2488-em-10-anos-diz-anefac\/92710","title":{"rendered":"Empr\u00e9stimos banc\u00e1rios sobem 248,8% em 10 anos, diz Anefac"},"content":{"rendered":"<p> O <strong><em>volume de cr\u00e9dito<\/em><\/strong> no Brasil aumentou 248,8% entre junho de 2006 e junho de 2016, passando de R$ 897,5 bilh\u00f5es para R$ 3.130,4 bilh\u00f5es, valor que inclui as opera\u00e7\u00f5es com recursos livres (disponibilidades dos bancos) e os recursos direcionados (aqueles que as institui\u00e7\u00f5es t\u00eam a obriga\u00e7\u00e3o de reservar para opera\u00e7\u00f5es determinadas pelo Banco Central como, por exemplo, a canaliza\u00e7\u00e3o de 65% da poupan\u00e7a para a habita\u00e7\u00e3o).<\/p>\n<p>Os dados s\u00e3o da Associa\u00e7\u00e3o Nacional dos Executivos de Finan\u00e7as, Administra\u00e7\u00e3o e Contabilidade (Anefac). A pesquisa mostra que, em rela\u00e7\u00e3o ao Produto Interno Bruto (PIB), a soma das riquezas produzidas no pa\u00eds, houve um avan\u00e7o de 19,5 pontos percentuais. Em junho de 2006, os empr\u00e9stimos eram equivalentes a 32,4% do PIB e, em junho deste ano, o percentual subiu para 51,9%.<\/p>\n<p>As opera\u00e7\u00f5es com recursos livres atingiram R$ 1.569,4 bilh\u00f5es em junho \u00faltimo, ante R$ 447,2 bilh\u00f5es, em junho de 2006, uma alta de 250,9%. Para as pessoas f\u00edsicas, o volume passou de R$ 214,2 bilh\u00f5es para R$ 799,6 bilh\u00f5es, com crescimento de 273,3%, e, no caso das empresas, de R$ 232,9 bilh\u00f5es para R$ 769,8 bilh\u00f5es, um aumento de 230,5%. Tamb\u00e9m foi constatada amplia\u00e7\u00e3o na m\u00e9dia dos prazos de pagamento nesses \u00faltimos dez anos, passando de 9 meses para 37,9 meses.<\/p>\n<p>O diretor Executivo de Estudos e Pesquisas Econ\u00f4micas da Anefac, Miguel Jos\u00e9 Ribeiro de Oliveira, observou, no entanto, que apesar da melhora na oferta de cr\u00e9dito nos \u00faltimos dez anos, a piora recente no desempenho da economia do pa\u00eds levou a um aumento no custo do dinheiro, na inadimpl\u00eancia e na redu\u00e7\u00e3o dos prazos para a quita\u00e7\u00e3o.<\/p>\n<p>Taxas de juros sobem<\/p>\n<p>Entre junho de 2006 e junho deste ano, as taxas de juros das opera\u00e7\u00f5es de cr\u00e9dito com recursos livres subiram nove pontos percentuais (de 43,2% para 52,2% ao ano). Para as pessoas jur\u00eddicas ocorreu alta de apenas 1,5 ponto percentual (de 28,8% para 30,3%), enquanto para as pessoas f\u00edsicas houve um avan\u00e7o de 15,6 pontos percentuais (de 55,8% para 71,4%).<\/p>\n<p>O spread banc\u00e1rio (diferen\u00e7a entre o custo de capta\u00e7\u00e3o dos bancos e as taxas de juros cobradas dos clientes) teve alta de 11,7 pontos percentuais (de 28% para 39,7%).<\/p>\n<p>Para as empresas, a eleva\u00e7\u00e3o foi de 4,6 pontos percentuais (de 13,6% para 18,2%). J\u00e1 em rela\u00e7\u00e3o \u00e0s pessoas f\u00edsicas, o spread aumentou 17,9 pontos percentuais (de 40,6% para 58,5%).<\/p>\n<p>As pessoas jur\u00eddicas tiveram prazo m\u00e9dio de 25,9% em junho deste ano, com amplia\u00e7\u00e3o de 254,8% sobre o mesmo m\u00eas de dez anos atr\u00e1s quando esse tempo girava em torno de 7,3 meses. Para as pessoas f\u00edsicas, as institui\u00e7\u00f5es financeiras elevaram o per\u00edodo de parcelamento em 374,5%, passando de 11 meses para 52,2 meses.<\/p>\n<p>Inadimpl\u00eancia<\/p>\n<p>Os atrasos de pagamento por um per\u00edodo superior a 90 dias est\u00e3o maiores, aponta a Anefac. Enquanto em junho de 2006, 4,6% dos compromissos assumidos n\u00e3o estavam em dia, em junho de 2016 a propor\u00e7\u00e3o subiu para 5,6% do total das opera\u00e7\u00f5es.<\/p>\n<p>Em rela\u00e7\u00e3o a empr\u00e9stimos tomados por empresas, a inadimpl\u00eancia cresceu de 2,3% para 5,1% e, no caso das pessoas f\u00edsicas, a propor\u00e7\u00e3o caiu, passando de 7,2% para 6,1%.<\/p>\n<p>Marli Moreira &#8211; Rep\u00f3rter da Ag\u00eancia Brasil<br \/>\nEdi\u00e7\u00e3o: Kleber Sampaio<br \/>\n12\/08\/2016<\/p>\n","protected":false},"excerpt":{"rendered":"<p>O volume de cr\u00e9dito no Brasil aumentou 248,8% entre junho de 2006 e junho de 2016, passando de R$ 897,5 bilh\u00f5es para R$ 3.130,4 bilh\u00f5es, valor que inclui as opera\u00e7\u00f5es com recursos livres (disponibilidades dos bancos) e os recursos direcionados (aqueles que as institui\u00e7\u00f5es t\u00eam a obriga\u00e7\u00e3o de reservar para opera\u00e7\u00f5es determinadas pelo Banco Central [&hellip;]<\/p>\n","protected":false},"author":2,"featured_media":57582,"comment_status":"open","ping_status":"closed","sticky":false,"template":"","format":"standard","meta":{"_genesis_hide_title":false,"_genesis_hide_breadcrumbs":false,"_genesis_hide_singular_image":false,"_genesis_hide_footer_widgets":false,"_genesis_custom_body_class":"","_genesis_custom_post_class":"","_genesis_layout":"","_jetpack_memberships_contains_paid_content":false,"footnotes":""},"categories":[22,7],"tags":[],"class_list":{"0":"post-92710","1":"post","2":"type-post","3":"status-publish","4":"format-standard","5":"has-post-thumbnail","7":"category-brasil","8":"category-economia","9":"entry","10":"gs-1","11":"gs-odd","12":"gs-even","13":"gs-featured-content-entry"},"jetpack_featured_media_url":"https:\/\/www.redenoticia.com.br\/noticia\/imagens\/grafico1.jpg","jetpack_sharing_enabled":true,"jetpack_likes_enabled":true,"_links":{"self":[{"href":"https:\/\/www.redenoticia.com.br\/noticia\/wp-json\/wp\/v2\/posts\/92710","targetHints":{"allow":["GET"]}}],"collection":[{"href":"https:\/\/www.redenoticia.com.br\/noticia\/wp-json\/wp\/v2\/posts"}],"about":[{"href":"https:\/\/www.redenoticia.com.br\/noticia\/wp-json\/wp\/v2\/types\/post"}],"author":[{"embeddable":true,"href":"https:\/\/www.redenoticia.com.br\/noticia\/wp-json\/wp\/v2\/users\/2"}],"replies":[{"embeddable":true,"href":"https:\/\/www.redenoticia.com.br\/noticia\/wp-json\/wp\/v2\/comments?post=92710"}],"version-history":[{"count":0,"href":"https:\/\/www.redenoticia.com.br\/noticia\/wp-json\/wp\/v2\/posts\/92710\/revisions"}],"wp:featuredmedia":[{"embeddable":true,"href":"https:\/\/www.redenoticia.com.br\/noticia\/wp-json\/wp\/v2\/media\/57582"}],"wp:attachment":[{"href":"https:\/\/www.redenoticia.com.br\/noticia\/wp-json\/wp\/v2\/media?parent=92710"}],"wp:term":[{"taxonomy":"category","embeddable":true,"href":"https:\/\/www.redenoticia.com.br\/noticia\/wp-json\/wp\/v2\/categories?post=92710"},{"taxonomy":"post_tag","embeddable":true,"href":"https:\/\/www.redenoticia.com.br\/noticia\/wp-json\/wp\/v2\/tags?post=92710"}],"curies":[{"name":"wp","href":"https:\/\/api.w.org\/{rel}","templated":true}]}}