{"id":92708,"date":"2016-08-12T06:16:00","date_gmt":"2016-08-12T09:16:00","guid":{"rendered":"http:\/\/www.redenoticia.com.br\/noticia\/?p=92708"},"modified":"2016-08-11T20:17:28","modified_gmt":"2016-08-11T23:17:28","slug":"bancos-esperam-que-deficit-primario-feche-o-ano-em-r-1588-bilhoes","status":"publish","type":"post","link":"https:\/\/www.redenoticia.com.br\/noticia\/2016\/bancos-esperam-que-deficit-primario-feche-o-ano-em-r-1588-bilhoes\/92708","title":{"rendered":"Bancos esperam que d\u00e9ficit prim\u00e1rio feche o ano em R$ 158,8 bilh\u00f5es"},"content":{"rendered":"<p> Institui\u00e7\u00f5es financeiras consultadas pelo Minist\u00e9rio da Fazenda esperam que o <strong><em>d\u00e9ficit prim\u00e1rio<\/em><\/strong> do Governo Central (Tesouro Nacional, Previd\u00eancia Social e Banco Central) termine este ano em R$ 158,8 bilh\u00f5es ante os R$ 155,5 bilh\u00f5es previstos anteriormente. <\/p>\n<p>A proje\u00e7\u00e3o consta da nona edi\u00e7\u00e3o da pesquisa Prisma Fiscal, elaborada pela Secretaria de Pol\u00edtica Econ\u00f4mica do Minist\u00e9rio da Fazenda, com base em informa\u00e7\u00f5es de 30 institui\u00e7\u00f5es. O resultado foi divulgado em Bras\u00edlia. Para 2017, a estimativa de d\u00e9ficit passou de R$ 129,2 bilh\u00f5es para R$ 138,5 bilh\u00f5es .<\/p>\n<p>A proje\u00e7\u00e3o para a arrecada\u00e7\u00e3o federal este ano passou de R$ 1,275 trilh\u00e3o para R$ 1,269 trilh\u00e3o. Para 2017, a estimativa foi reduzida de R$ 1,372 trilh\u00e3o para R$ 1,364 trilh\u00e3o.<\/p>\n<p>Governo Central<\/p>\n<p>Para a receita l\u00edquida do Governo Central a estimativa \u00e9 que caia de R$ 1,085 trilh\u00e3o este ano para R$ 1,082 trilh\u00e3o e, no ano que vem, apresente tamb\u00e9m queda, registrando R$ 1,174 trilh\u00e3o .<\/p>\n<p>Para as despesas, a expectativa \u00e9 de eleva\u00e7\u00e3o de R$ 1,228 trilh\u00e3o para R$ 1,241 trilh\u00e3o este ano, e passe de R$ 1,301 trilh\u00e3o para R$ 1,315 trilh\u00e3o em 2017.<\/p>\n<p>A pesquisa apresenta tamb\u00e9m a proje\u00e7\u00e3o para a d\u00edvida bruta do Governo Central, que, na avalia\u00e7\u00e3o das institui\u00e7\u00f5es financeiras, deve cair de 73,55% do Produto Interno Bruto (PIB) para 73,50% este ano. Para 2017, a estimativa mudou de 78,50% para 78,20% do PIB, a soma de todas as riquezas produzidas pelo pa\u00eds.<\/p>\n<p>Da Ag\u00eancia Brasil<br \/>\nEdi\u00e7\u00e3o: Kleber Sampaio<br \/>\n12\/08\/2016<\/p>\n","protected":false},"excerpt":{"rendered":"<p>Institui\u00e7\u00f5es financeiras consultadas pelo Minist\u00e9rio da Fazenda esperam que o d\u00e9ficit prim\u00e1rio do Governo Central (Tesouro Nacional, Previd\u00eancia Social e Banco Central) termine este ano em R$ 158,8 bilh\u00f5es ante os R$ 155,5 bilh\u00f5es previstos anteriormente. A proje\u00e7\u00e3o consta da nona edi\u00e7\u00e3o da pesquisa Prisma Fiscal, elaborada pela Secretaria de Pol\u00edtica Econ\u00f4mica do Minist\u00e9rio da [&hellip;]<\/p>\n","protected":false},"author":2,"featured_media":38938,"comment_status":"open","ping_status":"closed","sticky":false,"template":"","format":"standard","meta":{"_genesis_hide_title":false,"_genesis_hide_breadcrumbs":false,"_genesis_hide_singular_image":false,"_genesis_hide_footer_widgets":false,"_genesis_custom_body_class":"","_genesis_custom_post_class":"","_genesis_layout":"","_jetpack_memberships_contains_paid_content":false,"footnotes":""},"categories":[22,7],"tags":[],"class_list":{"0":"post-92708","1":"post","2":"type-post","3":"status-publish","4":"format-standard","5":"has-post-thumbnail","7":"category-brasil","8":"category-economia","9":"entry","10":"gs-1","11":"gs-odd","12":"gs-even","13":"gs-featured-content-entry"},"jetpack_featured_media_url":"https:\/\/www.redenoticia.com.br\/noticia\/imagens\/economia1.jpg","jetpack_sharing_enabled":true,"jetpack_likes_enabled":true,"_links":{"self":[{"href":"https:\/\/www.redenoticia.com.br\/noticia\/wp-json\/wp\/v2\/posts\/92708","targetHints":{"allow":["GET"]}}],"collection":[{"href":"https:\/\/www.redenoticia.com.br\/noticia\/wp-json\/wp\/v2\/posts"}],"about":[{"href":"https:\/\/www.redenoticia.com.br\/noticia\/wp-json\/wp\/v2\/types\/post"}],"author":[{"embeddable":true,"href":"https:\/\/www.redenoticia.com.br\/noticia\/wp-json\/wp\/v2\/users\/2"}],"replies":[{"embeddable":true,"href":"https:\/\/www.redenoticia.com.br\/noticia\/wp-json\/wp\/v2\/comments?post=92708"}],"version-history":[{"count":0,"href":"https:\/\/www.redenoticia.com.br\/noticia\/wp-json\/wp\/v2\/posts\/92708\/revisions"}],"wp:featuredmedia":[{"embeddable":true,"href":"https:\/\/www.redenoticia.com.br\/noticia\/wp-json\/wp\/v2\/media\/38938"}],"wp:attachment":[{"href":"https:\/\/www.redenoticia.com.br\/noticia\/wp-json\/wp\/v2\/media?parent=92708"}],"wp:term":[{"taxonomy":"category","embeddable":true,"href":"https:\/\/www.redenoticia.com.br\/noticia\/wp-json\/wp\/v2\/categories?post=92708"},{"taxonomy":"post_tag","embeddable":true,"href":"https:\/\/www.redenoticia.com.br\/noticia\/wp-json\/wp\/v2\/tags?post=92708"}],"curies":[{"name":"wp","href":"https:\/\/api.w.org\/{rel}","templated":true}]}}