{"id":92608,"date":"2016-08-11T06:40:19","date_gmt":"2016-08-11T09:40:19","guid":{"rendered":"http:\/\/www.redenoticia.com.br\/noticia\/?p=92608"},"modified":"2016-08-10T19:47:03","modified_gmt":"2016-08-10T22:47:03","slug":"custo-da-construcao-civil-sobe-02-de-junho-para-julho","status":"publish","type":"post","link":"https:\/\/www.redenoticia.com.br\/noticia\/2016\/custo-da-construcao-civil-sobe-02-de-junho-para-julho\/92608","title":{"rendered":"Custo da constru\u00e7\u00e3o civil sobe 0,2% de junho para julho"},"content":{"rendered":"<p> O <strong><em>Custo da Constru\u00e7\u00e3o Civil<\/em><\/strong> no pa\u00eds cresceu 0,2% de junho para julho. O dado \u00e9 do \u00cdndice Nacional da Constru\u00e7\u00e3o Civil (Sinapi), divulgado pelo Instituto Brasileiro de Geografia e Estat\u00edstica (IBGE). O valor do metro quadrado da constru\u00e7\u00e3o ficou em R$ 1.009,76 em julho, acima dos R$ 1.007,75 de junho.<\/p>\n<p>O Sinapi acumula taxas de infla\u00e7\u00e3o de 4,81% no ano e de 6,47% no per\u00edodo de 12 meses, segundo o IBGE. O aumento do custo, de 0,2% em julho, foi puxado pela m\u00e3o de obra, que ficou 0,54% mais cara e chegou a R$ 481,79 por metro quadrado.<\/p>\n<p>Os materiais de constru\u00e7\u00e3o, por outro lado, ficaram 0,11% mais baratos de junho para julho e passaram a custar R$ 527,97 por metro quadrado.<\/p>\n<p>Entre os estados brasileiros, 20 tiveram alta no custro da constru\u00e7\u00e3o, com destaque para o Maranh\u00e3o, com infla\u00e7\u00e3o de 2,25%. No Cear\u00e1, o custo manteve-se igual nos dois meses. Seis estados tiveram queda no custo, com destaque para Roraima (-0,57%).<\/p>\n<p>Vitor Abdala \u2013 Rep\u00f3rter da Ag\u00eancia Brasil<br \/>\nEdi\u00e7\u00e3o: Talita Cavalcante<br \/>\n11\/08\/2016<br \/>\n&#8212;<br \/>\nA Empresa Brasil de Comunica\u00e7\u00e3o \u00e9 uma institui\u00e7\u00e3o da democracia brasileira: p\u00fablica, inclusiva e cidad\u00e3.  Criada em 2007 para fortalecer o sistema p\u00fablico de comunica\u00e7\u00e3o, \u00e9 gestora dos canais TV Brasil, TV Brasil Internacional, Ag\u00eancia Brasil, Radioag\u00eancia Nacional e do sistema p\u00fablico de R\u00e1dio \u2013 composto por oito emissoras. Estes, por sua independ\u00eancia editorial, distinguem-se dos canais estatais ou governamentais, com conte\u00fados diferenciados e complementares aos canais privados. Os ve\u00edculos da EBC t\u00eam autonomia para definir produ\u00e7\u00e3o, programa\u00e7\u00e3o e distribui\u00e7\u00e3o de conte\u00fados.<\/p>\n","protected":false},"excerpt":{"rendered":"<p>O Custo da Constru\u00e7\u00e3o Civil no pa\u00eds cresceu 0,2% de junho para julho. O dado \u00e9 do \u00cdndice Nacional da Constru\u00e7\u00e3o Civil (Sinapi), divulgado pelo Instituto Brasileiro de Geografia e Estat\u00edstica (IBGE). O valor do metro quadrado da constru\u00e7\u00e3o ficou em R$ 1.009,76 em julho, acima dos R$ 1.007,75 de junho. O Sinapi acumula taxas [&hellip;]<\/p>\n","protected":false},"author":2,"featured_media":57585,"comment_status":"open","ping_status":"closed","sticky":false,"template":"","format":"standard","meta":{"_genesis_hide_title":false,"_genesis_hide_breadcrumbs":false,"_genesis_hide_singular_image":false,"_genesis_hide_footer_widgets":false,"_genesis_custom_body_class":"","_genesis_custom_post_class":"","_genesis_layout":"","_jetpack_memberships_contains_paid_content":false,"footnotes":""},"categories":[22,7],"tags":[],"class_list":{"0":"post-92608","1":"post","2":"type-post","3":"status-publish","4":"format-standard","5":"has-post-thumbnail","7":"category-brasil","8":"category-economia","9":"entry","10":"gs-1","11":"gs-odd","12":"gs-even","13":"gs-featured-content-entry"},"jetpack_featured_media_url":"https:\/\/www.redenoticia.com.br\/noticia\/imagens\/analise-economia.jpg","jetpack_sharing_enabled":true,"jetpack_likes_enabled":true,"_links":{"self":[{"href":"https:\/\/www.redenoticia.com.br\/noticia\/wp-json\/wp\/v2\/posts\/92608","targetHints":{"allow":["GET"]}}],"collection":[{"href":"https:\/\/www.redenoticia.com.br\/noticia\/wp-json\/wp\/v2\/posts"}],"about":[{"href":"https:\/\/www.redenoticia.com.br\/noticia\/wp-json\/wp\/v2\/types\/post"}],"author":[{"embeddable":true,"href":"https:\/\/www.redenoticia.com.br\/noticia\/wp-json\/wp\/v2\/users\/2"}],"replies":[{"embeddable":true,"href":"https:\/\/www.redenoticia.com.br\/noticia\/wp-json\/wp\/v2\/comments?post=92608"}],"version-history":[{"count":0,"href":"https:\/\/www.redenoticia.com.br\/noticia\/wp-json\/wp\/v2\/posts\/92608\/revisions"}],"wp:featuredmedia":[{"embeddable":true,"href":"https:\/\/www.redenoticia.com.br\/noticia\/wp-json\/wp\/v2\/media\/57585"}],"wp:attachment":[{"href":"https:\/\/www.redenoticia.com.br\/noticia\/wp-json\/wp\/v2\/media?parent=92608"}],"wp:term":[{"taxonomy":"category","embeddable":true,"href":"https:\/\/www.redenoticia.com.br\/noticia\/wp-json\/wp\/v2\/categories?post=92608"},{"taxonomy":"post_tag","embeddable":true,"href":"https:\/\/www.redenoticia.com.br\/noticia\/wp-json\/wp\/v2\/tags?post=92608"}],"curies":[{"name":"wp","href":"https:\/\/api.w.org\/{rel}","templated":true}]}}