{"id":92606,"date":"2016-08-11T06:32:25","date_gmt":"2016-08-11T09:32:25","guid":{"rendered":"http:\/\/www.redenoticia.com.br\/noticia\/?p=92606"},"modified":"2016-08-10T19:45:15","modified_gmt":"2016-08-10T22:45:15","slug":"alimentos-pressionam-e-inflacao-volta-a-subir-atingindo-874-em-um-ano","status":"publish","type":"post","link":"https:\/\/www.redenoticia.com.br\/noticia\/2016\/alimentos-pressionam-e-inflacao-volta-a-subir-atingindo-874-em-um-ano\/92606","title":{"rendered":"Alimentos pressionam e infla\u00e7\u00e3o volta a subir, atingindo 8,74% em um ano"},"content":{"rendered":"<p> Os pre\u00e7os dos alimentos continuaram a pressionar a <strong><em>infla\u00e7\u00e3o<\/em><\/strong>. O \u00cdndice de Pre\u00e7os ao Consumidor Amplo (IPCA), a infla\u00e7\u00e3o oficial do pa\u00eds, voltou a subir ao passar de 0,35% para 0,52% entre junho e julho deste ano, uma alta de 0,17 ponto percentual no per\u00edodo.<\/p>\n<p>Os dados foram divulgados pelo Instituto Brasileiro de Geografia e Estat\u00edstica (IBGE) e indicam que, com a alta de julho, a taxa acumulada nos \u00faltimos doze meses (a infla\u00e7\u00e3o anualizada) ficou em 8,74%, abaixo, no entanto, dos 8,84% relativos aos doze meses imediatamente anteriores: 0,1 ponto percentual.<\/p>\n<p>Nos primeiros sete meses do ano (janeiro\/julho) a infla\u00e7\u00e3o medida pelo IPCA acumula alta de 4,96%, resultado tamb\u00e9m inferior aos 6,83% de igual per\u00edodo de 2015. Neste caso, a queda \u00e9 bem maior do que a taxa anualizada: 1,87 ponto percentual. Em julho de 2015, o IPCA registrou varia\u00e7\u00e3o de 0,62%.<\/p>\n<p>Nielmar de Oliveira &#8211; Rep\u00f3rter da Ag\u00eancia Brasil<br \/>\nEdi\u00e7\u00e3o: Kleber Sampaio<br \/>\n11\/08\/2016<br \/>\n&#8212;<br \/>\nA Empresa Brasil de Comunica\u00e7\u00e3o \u00e9 uma institui\u00e7\u00e3o da democracia brasileira: p\u00fablica, inclusiva e cidad\u00e3.  Criada em 2007 para fortalecer o sistema p\u00fablico de comunica\u00e7\u00e3o, \u00e9 gestora dos canais TV Brasil, TV Brasil Internacional, Ag\u00eancia Brasil, Radioag\u00eancia Nacional e do sistema p\u00fablico de R\u00e1dio \u2013 composto por oito emissoras. Estes, por sua independ\u00eancia editorial, distinguem-se dos canais estatais ou governamentais, com conte\u00fados diferenciados e complementares aos canais privados. Os ve\u00edculos da EBC t\u00eam autonomia para definir produ\u00e7\u00e3o, programa\u00e7\u00e3o e distribui\u00e7\u00e3o de conte\u00fados.<\/p>\n","protected":false},"excerpt":{"rendered":"<p>Os pre\u00e7os dos alimentos continuaram a pressionar a infla\u00e7\u00e3o. O \u00cdndice de Pre\u00e7os ao Consumidor Amplo (IPCA), a infla\u00e7\u00e3o oficial do pa\u00eds, voltou a subir ao passar de 0,35% para 0,52% entre junho e julho deste ano, uma alta de 0,17 ponto percentual no per\u00edodo. Os dados foram divulgados pelo Instituto Brasileiro de Geografia e [&hellip;]<\/p>\n","protected":false},"author":2,"featured_media":34916,"comment_status":"open","ping_status":"closed","sticky":false,"template":"","format":"standard","meta":{"_genesis_hide_title":false,"_genesis_hide_breadcrumbs":false,"_genesis_hide_singular_image":false,"_genesis_hide_footer_widgets":false,"_genesis_custom_body_class":"","_genesis_custom_post_class":"","_genesis_layout":"","_jetpack_memberships_contains_paid_content":false,"footnotes":""},"categories":[22,7],"tags":[],"class_list":{"0":"post-92606","1":"post","2":"type-post","3":"status-publish","4":"format-standard","5":"has-post-thumbnail","7":"category-brasil","8":"category-economia","9":"entry","10":"gs-1","11":"gs-odd","12":"gs-even","13":"gs-featured-content-entry"},"jetpack_featured_media_url":"https:\/\/www.redenoticia.com.br\/noticia\/imagens\/inflacao.jpg","jetpack_sharing_enabled":true,"jetpack_likes_enabled":true,"_links":{"self":[{"href":"https:\/\/www.redenoticia.com.br\/noticia\/wp-json\/wp\/v2\/posts\/92606","targetHints":{"allow":["GET"]}}],"collection":[{"href":"https:\/\/www.redenoticia.com.br\/noticia\/wp-json\/wp\/v2\/posts"}],"about":[{"href":"https:\/\/www.redenoticia.com.br\/noticia\/wp-json\/wp\/v2\/types\/post"}],"author":[{"embeddable":true,"href":"https:\/\/www.redenoticia.com.br\/noticia\/wp-json\/wp\/v2\/users\/2"}],"replies":[{"embeddable":true,"href":"https:\/\/www.redenoticia.com.br\/noticia\/wp-json\/wp\/v2\/comments?post=92606"}],"version-history":[{"count":0,"href":"https:\/\/www.redenoticia.com.br\/noticia\/wp-json\/wp\/v2\/posts\/92606\/revisions"}],"wp:featuredmedia":[{"embeddable":true,"href":"https:\/\/www.redenoticia.com.br\/noticia\/wp-json\/wp\/v2\/media\/34916"}],"wp:attachment":[{"href":"https:\/\/www.redenoticia.com.br\/noticia\/wp-json\/wp\/v2\/media?parent=92606"}],"wp:term":[{"taxonomy":"category","embeddable":true,"href":"https:\/\/www.redenoticia.com.br\/noticia\/wp-json\/wp\/v2\/categories?post=92606"},{"taxonomy":"post_tag","embeddable":true,"href":"https:\/\/www.redenoticia.com.br\/noticia\/wp-json\/wp\/v2\/tags?post=92606"}],"curies":[{"name":"wp","href":"https:\/\/api.w.org\/{rel}","templated":true}]}}