{"id":92604,"date":"2016-08-11T06:28:57","date_gmt":"2016-08-11T09:28:57","guid":{"rendered":"http:\/\/www.redenoticia.com.br\/noticia\/?p=92604"},"modified":"2016-08-10T19:31:21","modified_gmt":"2016-08-10T22:31:21","slug":"receita-divulga-nova-versao-do-perguntas-e-respostas-sobre-regularizacao-cambial","status":"publish","type":"post","link":"https:\/\/www.redenoticia.com.br\/noticia\/2016\/receita-divulga-nova-versao-do-perguntas-e-respostas-sobre-regularizacao-cambial\/92604","title":{"rendered":"Receita divulga nova vers\u00e3o do Perguntas e Respostas sobre Regulariza\u00e7\u00e3o Cambial"},"content":{"rendered":"<p> A Receita Federal divulgou uma nova vers\u00e3o do &#8220;Perguntas e Respostas&#8221; da Declara\u00e7\u00e3o de <strong><em>Regulariza\u00e7\u00e3o Cambial e Tribut\u00e1ria<\/em><\/strong>, que disp\u00f5e sobre a aplica\u00e7\u00e3o do Regime Especial de Regulariza\u00e7\u00e3o Cambial e Tribut\u00e1ria (Rerct).<\/p>\n<p>A norma traz novos entendimentos da Receita sobre a aplica\u00e7\u00e3o da Lei de Repatria\u00e7\u00e3o aprovada em 2015 e sancionada em janeiro deste ano pela presidenta afastada Dilma Rousseff.<\/p>\n<p>Para atrair o dinheiro, a lei oferece incentivos para a declara\u00e7\u00e3o volunt\u00e1ria de bens e de recursos adquiridos at\u00e9 31 de dezembro de 2014 e mantidos no exterior.<\/p>\n<p>A vers\u00e3o traz duas novas perguntas (n\u00ba 49 e n\u00ba 50) que tratam da declara\u00e7\u00e3o de participa\u00e7\u00e3o societ\u00e1ria em empresa no exterior e da regulariza\u00e7\u00e3o de bens doados, al\u00e9m de acrescentar notas de esclarecimento sobre a repatria\u00e7\u00e3o antecipada de recursos para pagamento de imposto e multa.<\/p>\n<p>O prazo para ades\u00e3o ao Regime Especial de Regulariza\u00e7\u00e3o Cambial e Tribut\u00e1ria  come\u00e7ou em abril deste ano e termina no dia 31 de outubro pr\u00f3ximo. A lei permite a regulariza\u00e7\u00e3o de recursos, bens ou direitos remetidos ou mantidos no exterior ou repatriados por residentes ou domiciliados no pa\u00eds, que n\u00e3o tenham sido declarados ou que tenham sido declarados incorretamente.<\/p>\n<p>Da Ag\u00eancia Brasil<br \/>\nEdi\u00e7\u00e3o: Kleber Sampaio<br \/>\n11\/08\/2016<br \/>\n&#8212;<br \/>\nA Empresa Brasil de Comunica\u00e7\u00e3o \u00e9 uma institui\u00e7\u00e3o da democracia brasileira: p\u00fablica, inclusiva e cidad\u00e3.  Criada em 2007 para fortalecer o sistema p\u00fablico de comunica\u00e7\u00e3o, \u00e9 gestora dos canais TV Brasil, TV Brasil Internacional, Ag\u00eancia Brasil, Radioag\u00eancia Nacional e do sistema p\u00fablico de R\u00e1dio \u2013 composto por oito emissoras. Estes, por sua independ\u00eancia editorial, distinguem-se dos canais estatais ou governamentais, com conte\u00fados diferenciados e complementares aos canais privados. Os ve\u00edculos da EBC t\u00eam autonomia para definir produ\u00e7\u00e3o, programa\u00e7\u00e3o e distribui\u00e7\u00e3o de conte\u00fados.<\/p>\n","protected":false},"excerpt":{"rendered":"<p>A Receita Federal divulgou uma nova vers\u00e3o do &#8220;Perguntas e Respostas&#8221; da Declara\u00e7\u00e3o de Regulariza\u00e7\u00e3o Cambial e Tribut\u00e1ria, que disp\u00f5e sobre a aplica\u00e7\u00e3o do Regime Especial de Regulariza\u00e7\u00e3o Cambial e Tribut\u00e1ria (Rerct). A norma traz novos entendimentos da Receita sobre a aplica\u00e7\u00e3o da Lei de Repatria\u00e7\u00e3o aprovada em 2015 e sancionada em janeiro deste ano [&hellip;]<\/p>\n","protected":false},"author":2,"featured_media":23889,"comment_status":"open","ping_status":"closed","sticky":false,"template":"","format":"standard","meta":{"_genesis_hide_title":false,"_genesis_hide_breadcrumbs":false,"_genesis_hide_singular_image":false,"_genesis_hide_footer_widgets":false,"_genesis_custom_body_class":"","_genesis_custom_post_class":"","_genesis_layout":"","_jetpack_memberships_contains_paid_content":false,"footnotes":""},"categories":[22,7],"tags":[],"class_list":{"0":"post-92604","1":"post","2":"type-post","3":"status-publish","4":"format-standard","5":"has-post-thumbnail","7":"category-brasil","8":"category-economia","9":"entry","10":"gs-1","11":"gs-odd","12":"gs-even","13":"gs-featured-content-entry"},"jetpack_featured_media_url":"https:\/\/www.redenoticia.com.br\/noticia\/imagens\/receita-federal-irpf-2010.jpg","jetpack_sharing_enabled":true,"jetpack_likes_enabled":true,"_links":{"self":[{"href":"https:\/\/www.redenoticia.com.br\/noticia\/wp-json\/wp\/v2\/posts\/92604","targetHints":{"allow":["GET"]}}],"collection":[{"href":"https:\/\/www.redenoticia.com.br\/noticia\/wp-json\/wp\/v2\/posts"}],"about":[{"href":"https:\/\/www.redenoticia.com.br\/noticia\/wp-json\/wp\/v2\/types\/post"}],"author":[{"embeddable":true,"href":"https:\/\/www.redenoticia.com.br\/noticia\/wp-json\/wp\/v2\/users\/2"}],"replies":[{"embeddable":true,"href":"https:\/\/www.redenoticia.com.br\/noticia\/wp-json\/wp\/v2\/comments?post=92604"}],"version-history":[{"count":0,"href":"https:\/\/www.redenoticia.com.br\/noticia\/wp-json\/wp\/v2\/posts\/92604\/revisions"}],"wp:featuredmedia":[{"embeddable":true,"href":"https:\/\/www.redenoticia.com.br\/noticia\/wp-json\/wp\/v2\/media\/23889"}],"wp:attachment":[{"href":"https:\/\/www.redenoticia.com.br\/noticia\/wp-json\/wp\/v2\/media?parent=92604"}],"wp:term":[{"taxonomy":"category","embeddable":true,"href":"https:\/\/www.redenoticia.com.br\/noticia\/wp-json\/wp\/v2\/categories?post=92604"},{"taxonomy":"post_tag","embeddable":true,"href":"https:\/\/www.redenoticia.com.br\/noticia\/wp-json\/wp\/v2\/tags?post=92604"}],"curies":[{"name":"wp","href":"https:\/\/api.w.org\/{rel}","templated":true}]}}