{"id":92602,"date":"2016-08-11T06:28:01","date_gmt":"2016-08-11T09:28:01","guid":{"rendered":"http:\/\/www.redenoticia.com.br\/noticia\/?p=92602"},"modified":"2016-08-10T19:28:53","modified_gmt":"2016-08-10T22:28:53","slug":"cartilha-do-procon-sp-da-dicas-de-como-fugir-das-dividas","status":"publish","type":"post","link":"https:\/\/www.redenoticia.com.br\/noticia\/2016\/cartilha-do-procon-sp-da-dicas-de-como-fugir-das-dividas\/92602","title":{"rendered":"Cartilha do Procon-SP d\u00e1 dicas de como fugir das d\u00edvidas"},"content":{"rendered":"<p> Quer saber <strong><em>como fugir das d\u00edvidas<\/em><\/strong>? A Funda\u00e7\u00e3o Procon-SP,\u00a0\u00f3rg\u00e3o vinculado \u00e0 Secretaria da Justi\u00e7a e Defesa da Cidadania,\u00a0atualizou sua cartilha Cinco a\u00e7\u00f5es para quitar as d\u00edvidas e sair do vermelho. Nela, o consumidor pode encontrar dicas importantes para se organizar financeiramente e sair do endividamento. Al\u00e9m das cartilhas, todas dispon\u00edveis no , o Procon-SP tamb\u00e9m oferece palestras e atendimento \u00e0s pessoas f\u00edsicas que tenham mais de 30% de sua renda comprometida com d\u00edvidas. <\/p>\n<p>Nas palestras os consumidores recebem dicas sobre como optar por cart\u00f5es de cr\u00e9dito sem taxas ou com milhagens vantajosas e utiliz\u00e1-los apenas em caso de necessidade e, sabendo que ter\u00e1 dinheiro para quitar a compra, usar conta corrente sem tarifas (rol de servi\u00e7os essenciais). Nas aulas tamb\u00e9m \u00e9 ensinado como rever pacotes de TV a cabo, celular e internet com pre\u00e7os mais baratos, refinanciar d\u00edvidas, fazer a portabilidade de empr\u00e9stimos, entre outras medidas. A troca de experi\u00eancias dos participantes ajuda os consumidores a refletir sobre o problema e como sair dele.<\/p>\n<p>No N\u00facleo de Atendimento ao Consumidor Superendividado os consumidores s\u00e3o atendidos por especialistas que ajudam a realizar a renegocia\u00e7\u00e3o das d\u00edvidas. Podem participar como consumidores as pessoas f\u00edsicas, maiores de 18 anos, id\u00f4neos e com renda, j\u00e1 que o Procon-SP n\u00e3o trabalha com perd\u00e3o de d\u00edvida e, que tenham pend\u00eancias com bancos, financeiras, cart\u00f5es de cr\u00e9dito e lojas de varejo.<\/p>\n<p>\u00c9 preciso diferenciar d\u00edvidas de despesas, por exemplo, condom\u00ednio e mensalidade escolar s\u00e3o despesas, financiamentos e empr\u00e9stimos s\u00e3o d\u00edvidas.<\/p>\n<p>Veja a Cartilha completa .<\/p>\n<p>Do Portal do Governo do Estado SP<\/p>\n","protected":false},"excerpt":{"rendered":"<p>Quer saber como fugir das d\u00edvidas? A Funda\u00e7\u00e3o Procon-SP,\u00a0\u00f3rg\u00e3o vinculado \u00e0 Secretaria da Justi\u00e7a e Defesa da Cidadania,\u00a0atualizou sua cartilha Cinco a\u00e7\u00f5es para quitar as d\u00edvidas e sair do vermelho. Nela, o consumidor pode encontrar dicas importantes para se organizar financeiramente e sair do endividamento. Al\u00e9m das cartilhas, todas dispon\u00edveis no , o Procon-SP tamb\u00e9m [&hellip;]<\/p>\n","protected":false},"author":2,"featured_media":57584,"comment_status":"open","ping_status":"closed","sticky":false,"template":"","format":"standard","meta":{"_genesis_hide_title":false,"_genesis_hide_breadcrumbs":false,"_genesis_hide_singular_image":false,"_genesis_hide_footer_widgets":false,"_genesis_custom_body_class":"","_genesis_custom_post_class":"","_genesis_layout":"","_jetpack_memberships_contains_paid_content":false,"footnotes":""},"categories":[22,7],"tags":[],"class_list":{"0":"post-92602","1":"post","2":"type-post","3":"status-publish","4":"format-standard","5":"has-post-thumbnail","7":"category-brasil","8":"category-economia","9":"entry","10":"gs-1","11":"gs-odd","12":"gs-even","13":"gs-featured-content-entry"},"jetpack_featured_media_url":"https:\/\/www.redenoticia.com.br\/noticia\/imagens\/economia-grafica-analise-inflacao.jpg","jetpack_sharing_enabled":true,"jetpack_likes_enabled":true,"_links":{"self":[{"href":"https:\/\/www.redenoticia.com.br\/noticia\/wp-json\/wp\/v2\/posts\/92602","targetHints":{"allow":["GET"]}}],"collection":[{"href":"https:\/\/www.redenoticia.com.br\/noticia\/wp-json\/wp\/v2\/posts"}],"about":[{"href":"https:\/\/www.redenoticia.com.br\/noticia\/wp-json\/wp\/v2\/types\/post"}],"author":[{"embeddable":true,"href":"https:\/\/www.redenoticia.com.br\/noticia\/wp-json\/wp\/v2\/users\/2"}],"replies":[{"embeddable":true,"href":"https:\/\/www.redenoticia.com.br\/noticia\/wp-json\/wp\/v2\/comments?post=92602"}],"version-history":[{"count":0,"href":"https:\/\/www.redenoticia.com.br\/noticia\/wp-json\/wp\/v2\/posts\/92602\/revisions"}],"wp:featuredmedia":[{"embeddable":true,"href":"https:\/\/www.redenoticia.com.br\/noticia\/wp-json\/wp\/v2\/media\/57584"}],"wp:attachment":[{"href":"https:\/\/www.redenoticia.com.br\/noticia\/wp-json\/wp\/v2\/media?parent=92602"}],"wp:term":[{"taxonomy":"category","embeddable":true,"href":"https:\/\/www.redenoticia.com.br\/noticia\/wp-json\/wp\/v2\/categories?post=92602"},{"taxonomy":"post_tag","embeddable":true,"href":"https:\/\/www.redenoticia.com.br\/noticia\/wp-json\/wp\/v2\/tags?post=92602"}],"curies":[{"name":"wp","href":"https:\/\/api.w.org\/{rel}","templated":true}]}}