{"id":92600,"date":"2016-08-11T06:26:45","date_gmt":"2016-08-11T09:26:45","guid":{"rendered":"http:\/\/www.redenoticia.com.br\/noticia\/?p=92600"},"modified":"2016-08-10T19:27:58","modified_gmt":"2016-08-10T22:27:58","slug":"embrapa-lanca-site-sobre-codigo-florestal","status":"publish","type":"post","link":"https:\/\/www.redenoticia.com.br\/noticia\/2016\/embrapa-lanca-site-sobre-codigo-florestal\/92600","title":{"rendered":"Embrapa lan\u00e7a site sobre C\u00f3digo Florestal"},"content":{"rendered":"<p> Ag\u00eancia FAPESP \u2013 A Empresa Brasileira de Pesquisa Agropecu\u00e1ria (Embrapa) lan\u00e7ou o site  contribui\u00e7\u00f5es para adequa\u00e7\u00e3o ambiental da paisagem rural, um canal de informa\u00e7\u00f5es para produtores rurais e t\u00e9cnicos ambientais com informa\u00e7\u00f5es sobre como adequar as propriedades \u00e0s exig\u00eancias do novo <strong><em>C\u00f3digo Florestal<\/em><\/strong> (Lei n\u00ba 12.651).<\/p>\n<p>O servi\u00e7o traz orienta\u00e7\u00f5es t\u00e9cnicas para a recupera\u00e7\u00e3o de \u00e1reas degradadas, dicas de boas pr\u00e1ticas agropecu\u00e1rias e explica as caracter\u00edsticas e as dimens\u00f5es das \u00e1reas protegidas pela lei ambiental: as \u00c1reas de Preserva\u00e7\u00e3o Permanente (APP), as \u00c1reas de Reserva Legal (ARL) e as \u00c1reas de Uso Restrito (AUR), de acordo com a Ag\u00eancia Embrapa de Not\u00edcias.<\/p>\n<p>As estrat\u00e9gias de recupera\u00e7\u00e3o, prote\u00e7\u00e3o e manejo apresentadas no site resultam de estudos e testes realizados por pesquisadores e analistas da Embrapa e de institui\u00e7\u00f5es parceiras, entre elas universidades e institutos federais e estaduais.<\/p>\n<p>Consultas de esp\u00e9cies nativas por bioma e mapas dos viveiros e produtores de sementes espalhados pelo Brasil tamb\u00e9m estar\u00e3o dispon\u00edveis aos usu\u00e1rios do site. At\u00e9 o momento \u00e9 poss\u00edvel consultar apenas as esp\u00e9cies nativas do Cerrado e os viveiros do Estado de Minas Gerais.<\/p>\n<p>\u201cTemos que dar alternativas para o produtor. Estamos trabalhando h\u00e1 mais de quatro anos nesse desafio de procurar onde estavam essas informa\u00e7\u00f5es dentro e fora da Embrapa e faz\u00ea-las chegar a quem precisa\u201d, disse Jos\u00e9 Felipe Ribeiro, pesquisador da Embrapa e colaborador do projeto, em nota divulgada pela institui\u00e7\u00e3o.<\/p>\n<p>Mais informa\u00e7\u00f5es: .<\/p>\n","protected":false},"excerpt":{"rendered":"<p>Ag\u00eancia FAPESP \u2013 A Empresa Brasileira de Pesquisa Agropecu\u00e1ria (Embrapa) lan\u00e7ou o site contribui\u00e7\u00f5es para adequa\u00e7\u00e3o ambiental da paisagem rural, um canal de informa\u00e7\u00f5es para produtores rurais e t\u00e9cnicos ambientais com informa\u00e7\u00f5es sobre como adequar as propriedades \u00e0s exig\u00eancias do novo C\u00f3digo Florestal (Lei n\u00ba 12.651). O servi\u00e7o traz orienta\u00e7\u00f5es t\u00e9cnicas para a recupera\u00e7\u00e3o de [&hellip;]<\/p>\n","protected":false},"author":2,"featured_media":37419,"comment_status":"open","ping_status":"closed","sticky":false,"template":"","format":"standard","meta":{"_genesis_hide_title":false,"_genesis_hide_breadcrumbs":false,"_genesis_hide_singular_image":false,"_genesis_hide_footer_widgets":false,"_genesis_custom_body_class":"","_genesis_custom_post_class":"","_genesis_layout":"","_jetpack_memberships_contains_paid_content":false,"footnotes":""},"categories":[22],"tags":[],"class_list":{"0":"post-92600","1":"post","2":"type-post","3":"status-publish","4":"format-standard","5":"has-post-thumbnail","7":"category-brasil","8":"entry","9":"gs-1","10":"gs-odd","11":"gs-even","12":"gs-featured-content-entry"},"jetpack_featured_media_url":"https:\/\/www.redenoticia.com.br\/noticia\/imagens\/computador-tecnologia.jpg","jetpack_sharing_enabled":true,"jetpack_likes_enabled":true,"_links":{"self":[{"href":"https:\/\/www.redenoticia.com.br\/noticia\/wp-json\/wp\/v2\/posts\/92600","targetHints":{"allow":["GET"]}}],"collection":[{"href":"https:\/\/www.redenoticia.com.br\/noticia\/wp-json\/wp\/v2\/posts"}],"about":[{"href":"https:\/\/www.redenoticia.com.br\/noticia\/wp-json\/wp\/v2\/types\/post"}],"author":[{"embeddable":true,"href":"https:\/\/www.redenoticia.com.br\/noticia\/wp-json\/wp\/v2\/users\/2"}],"replies":[{"embeddable":true,"href":"https:\/\/www.redenoticia.com.br\/noticia\/wp-json\/wp\/v2\/comments?post=92600"}],"version-history":[{"count":0,"href":"https:\/\/www.redenoticia.com.br\/noticia\/wp-json\/wp\/v2\/posts\/92600\/revisions"}],"wp:featuredmedia":[{"embeddable":true,"href":"https:\/\/www.redenoticia.com.br\/noticia\/wp-json\/wp\/v2\/media\/37419"}],"wp:attachment":[{"href":"https:\/\/www.redenoticia.com.br\/noticia\/wp-json\/wp\/v2\/media?parent=92600"}],"wp:term":[{"taxonomy":"category","embeddable":true,"href":"https:\/\/www.redenoticia.com.br\/noticia\/wp-json\/wp\/v2\/categories?post=92600"},{"taxonomy":"post_tag","embeddable":true,"href":"https:\/\/www.redenoticia.com.br\/noticia\/wp-json\/wp\/v2\/tags?post=92600"}],"curies":[{"name":"wp","href":"https:\/\/api.w.org\/{rel}","templated":true}]}}