{"id":92515,"date":"2016-08-10T06:21:57","date_gmt":"2016-08-10T09:21:57","guid":{"rendered":"http:\/\/www.redenoticia.com.br\/noticia\/?p=92515"},"modified":"2016-08-09T20:22:44","modified_gmt":"2016-08-09T23:22:44","slug":"comercio-tem-o-pior-desempenho-para-um-mes-de-julho-em-16-anos-diz-serasa","status":"publish","type":"post","link":"https:\/\/www.redenoticia.com.br\/noticia\/2016\/comercio-tem-o-pior-desempenho-para-um-mes-de-julho-em-16-anos-diz-serasa\/92515","title":{"rendered":"Com\u00e9rcio tem o pior desempenho para um m\u00eas de julho em 16 anos, diz Serasa"},"content":{"rendered":"<p> As <strong><em>vendas do com\u00e9rcio varejista<\/em><\/strong> ca\u00edram 1,2% em julho sobre junho e 7,1% na compara\u00e7\u00e3o com o mesmo m\u00eas do ano passado, no pior desempenho para um m\u00eas de julho desde o ano 2000, quando teve in\u00edcio a pesquisa em torno do Indicador Serasa Experian de Atividade do Com\u00e9rcio.<\/p>\n<p>Dos seis segmentos pesquisados, a queda mais significativa na compara\u00e7\u00e3o anual foi constatada em ve\u00edculos, motos e pe\u00e7as (-12,6%), seguida por tecidos, vestu\u00e1rio, cal\u00e7ados e acess\u00f3rios (-12,3%) e m\u00f3veis, eletroeletr\u00f4nicos e inform\u00e1tica (-11,9%). No setor de material de constru\u00e7\u00e3o, houve recuo de 9,4%, e em supermercados, hipermercados, alimentos e bebidas, ocorreu retra\u00e7\u00e3o de 7,9%. A \u00fanica eleva\u00e7\u00e3o, de 2,9%, foi no setor de combust\u00edveis e lubrificantes.<\/p>\n<p>J\u00e1 na compara\u00e7\u00e3o de julho sobre o m\u00eas anterior, dois desses setores apresentaram um pequeno crescimento: combust\u00edveis e lubrificantes (1,7%) e material de constru\u00e7\u00e3o (1,5%).<\/p>\n<p>No setor de supermercados, hipermercados, alimentos e bebidas, o movimento foi 0,5% menor; em m\u00f3veis, eletroeletr\u00f4nicos e inform\u00e1tica teve queda de 0,1%; em ve\u00edculos, motos e pe\u00e7as (-0,3%) e tecidos, vestu\u00e1rio, cal\u00e7ados e acess\u00f3rios (-1,3%).<\/p>\n<p>Por meio de nota, os economistas da Serasa Experian justificam que \u201cuma combina\u00e7\u00e3o de fatores cr\u00edticos \u00e0s vendas do com\u00e9rcio tem mantido a atividade varejista estagnada\u201d. Entre os motivos apontados est\u00e3o o baixo n\u00edvel de confian\u00e7a do consumidor; a manuten\u00e7\u00e3o da elevada taxa de desemprego; as condi\u00e7\u00f5es restritivas do credi\u00e1rio, derivadas da inadimpl\u00eancia e alta do cr\u00e9dito; e o aumento da infla\u00e7\u00e3o, principalmente dos alimentos.<\/p>\n<p>O Indicador Serasa Experian de Atividade do Com\u00e9rcio \u00e9 feito com base em consultas mensais dos estabelecimentos comerciais \u00e0 base de dados da Serasa Experian, incluindo na amostragem cerca de seis mil empresas.<\/p>\n<p>Marli Moreira \u2013 Rep\u00f3rter da Ag\u00eancia Brasil<br \/>\nEdi\u00e7\u00e3o: Maria Claudia<br \/>\n10\/08\/2016 <\/p>\n","protected":false},"excerpt":{"rendered":"<p>As vendas do com\u00e9rcio varejista ca\u00edram 1,2% em julho sobre junho e 7,1% na compara\u00e7\u00e3o com o mesmo m\u00eas do ano passado, no pior desempenho para um m\u00eas de julho desde o ano 2000, quando teve in\u00edcio a pesquisa em torno do Indicador Serasa Experian de Atividade do Com\u00e9rcio. Dos seis segmentos pesquisados, a queda [&hellip;]<\/p>\n","protected":false},"author":2,"featured_media":57583,"comment_status":"open","ping_status":"closed","sticky":false,"template":"","format":"standard","meta":{"_genesis_hide_title":false,"_genesis_hide_breadcrumbs":false,"_genesis_hide_singular_image":false,"_genesis_hide_footer_widgets":false,"_genesis_custom_body_class":"","_genesis_custom_post_class":"","_genesis_layout":"","_jetpack_memberships_contains_paid_content":false,"footnotes":""},"categories":[22,7],"tags":[],"class_list":{"0":"post-92515","1":"post","2":"type-post","3":"status-publish","4":"format-standard","5":"has-post-thumbnail","7":"category-brasil","8":"category-economia","9":"entry","10":"gs-1","11":"gs-odd","12":"gs-even","13":"gs-featured-content-entry"},"jetpack_featured_media_url":"https:\/\/www.redenoticia.com.br\/noticia\/imagens\/economia-grafico.jpg","jetpack_sharing_enabled":true,"jetpack_likes_enabled":true,"_links":{"self":[{"href":"https:\/\/www.redenoticia.com.br\/noticia\/wp-json\/wp\/v2\/posts\/92515","targetHints":{"allow":["GET"]}}],"collection":[{"href":"https:\/\/www.redenoticia.com.br\/noticia\/wp-json\/wp\/v2\/posts"}],"about":[{"href":"https:\/\/www.redenoticia.com.br\/noticia\/wp-json\/wp\/v2\/types\/post"}],"author":[{"embeddable":true,"href":"https:\/\/www.redenoticia.com.br\/noticia\/wp-json\/wp\/v2\/users\/2"}],"replies":[{"embeddable":true,"href":"https:\/\/www.redenoticia.com.br\/noticia\/wp-json\/wp\/v2\/comments?post=92515"}],"version-history":[{"count":0,"href":"https:\/\/www.redenoticia.com.br\/noticia\/wp-json\/wp\/v2\/posts\/92515\/revisions"}],"wp:featuredmedia":[{"embeddable":true,"href":"https:\/\/www.redenoticia.com.br\/noticia\/wp-json\/wp\/v2\/media\/57583"}],"wp:attachment":[{"href":"https:\/\/www.redenoticia.com.br\/noticia\/wp-json\/wp\/v2\/media?parent=92515"}],"wp:term":[{"taxonomy":"category","embeddable":true,"href":"https:\/\/www.redenoticia.com.br\/noticia\/wp-json\/wp\/v2\/categories?post=92515"},{"taxonomy":"post_tag","embeddable":true,"href":"https:\/\/www.redenoticia.com.br\/noticia\/wp-json\/wp\/v2\/tags?post=92515"}],"curies":[{"name":"wp","href":"https:\/\/api.w.org\/{rel}","templated":true}]}}