{"id":92513,"date":"2016-08-10T06:20:36","date_gmt":"2016-08-10T09:20:36","guid":{"rendered":"http:\/\/www.redenoticia.com.br\/noticia\/?p=92513"},"modified":"2016-08-09T20:21:54","modified_gmt":"2016-08-09T23:21:54","slug":"taxa-do-cheque-especial-aumenta-em-agosto-mostra-pesquisa","status":"publish","type":"post","link":"https:\/\/www.redenoticia.com.br\/noticia\/2016\/taxa-do-cheque-especial-aumenta-em-agosto-mostra-pesquisa\/92513","title":{"rendered":"Taxa do cheque especial aumenta em agosto, mostra pesquisa"},"content":{"rendered":"<p> A <strong><em>taxa m\u00e9dia do cheque especial<\/em><\/strong> nos bancos em agosto foi de 13,52% ao m\u00eas (a.m.), alta de 0,06 ponto percentual em rela\u00e7\u00e3o ao m\u00eas anterior, segundo pesquisa do Procon de S\u00e3o Paulo.<\/p>\n<p>Das sete institui\u00e7\u00f5es financeiras que fazem parte da amostra, tr\u00eas elevaram a taxa do cheque especial e nenhuma do empr\u00e9stimo pessoal.<\/p>\n<p>A maior alta foi encontrada no Banco do Brasil, que alterou de 12,61% para 12,83% a.m., o que significa uma varia\u00e7\u00e3o positiva de 1,74% em rela\u00e7\u00e3o \u00e0 taxa de julho de 2016.<\/p>\n<p>Outra alta foi verificada no Bradesco, que alterou de 12,99% a.m. para 13,15% a.m., varia\u00e7\u00e3o positiva de 1,23%. A Caixa Econ\u00f4mica Federal alterou de 12,88% a.m. para 12,93% a.m., varia\u00e7\u00e3o positiva de 0,39%. Os demais bancos mantiveram suas taxas do cheque especial.<\/p>\n<p>Na modalidade empr\u00e9stimo pessoal, a taxa m\u00e9dia dos bancos pesquisados em agosto foi de 6,56% a.m., igual \u00e0 do m\u00eas anterior. Nenhuma institui\u00e7\u00e3o pesquisada alterou suas taxas. A Caixa Econ\u00f4mica Federal continua com a menor taxa praticada, de 5,50% a.m., e o Santander com a maior, de 8,49% a.m.<\/p>\n<p>Fernanda Cruz \u2013 Rep\u00f3rter da Ag\u00eancia Brasil<br \/>\nEdi\u00e7\u00e3o: Maria Claudia<br \/>\n10\/08\/2016<\/p>\n","protected":false},"excerpt":{"rendered":"<p>A taxa m\u00e9dia do cheque especial nos bancos em agosto foi de 13,52% ao m\u00eas (a.m.), alta de 0,06 ponto percentual em rela\u00e7\u00e3o ao m\u00eas anterior, segundo pesquisa do Procon de S\u00e3o Paulo. Das sete institui\u00e7\u00f5es financeiras que fazem parte da amostra, tr\u00eas elevaram a taxa do cheque especial e nenhuma do empr\u00e9stimo pessoal. A [&hellip;]<\/p>\n","protected":false},"author":2,"featured_media":57584,"comment_status":"open","ping_status":"closed","sticky":false,"template":"","format":"standard","meta":{"_genesis_hide_title":false,"_genesis_hide_breadcrumbs":false,"_genesis_hide_singular_image":false,"_genesis_hide_footer_widgets":false,"_genesis_custom_body_class":"","_genesis_custom_post_class":"","_genesis_layout":"","_jetpack_memberships_contains_paid_content":false,"footnotes":""},"categories":[22,7],"tags":[],"class_list":{"0":"post-92513","1":"post","2":"type-post","3":"status-publish","4":"format-standard","5":"has-post-thumbnail","7":"category-brasil","8":"category-economia","9":"entry","10":"gs-1","11":"gs-odd","12":"gs-even","13":"gs-featured-content-entry"},"jetpack_featured_media_url":"https:\/\/www.redenoticia.com.br\/noticia\/imagens\/economia-grafica-analise-inflacao.jpg","jetpack_sharing_enabled":true,"jetpack_likes_enabled":true,"_links":{"self":[{"href":"https:\/\/www.redenoticia.com.br\/noticia\/wp-json\/wp\/v2\/posts\/92513","targetHints":{"allow":["GET"]}}],"collection":[{"href":"https:\/\/www.redenoticia.com.br\/noticia\/wp-json\/wp\/v2\/posts"}],"about":[{"href":"https:\/\/www.redenoticia.com.br\/noticia\/wp-json\/wp\/v2\/types\/post"}],"author":[{"embeddable":true,"href":"https:\/\/www.redenoticia.com.br\/noticia\/wp-json\/wp\/v2\/users\/2"}],"replies":[{"embeddable":true,"href":"https:\/\/www.redenoticia.com.br\/noticia\/wp-json\/wp\/v2\/comments?post=92513"}],"version-history":[{"count":0,"href":"https:\/\/www.redenoticia.com.br\/noticia\/wp-json\/wp\/v2\/posts\/92513\/revisions"}],"wp:featuredmedia":[{"embeddable":true,"href":"https:\/\/www.redenoticia.com.br\/noticia\/wp-json\/wp\/v2\/media\/57584"}],"wp:attachment":[{"href":"https:\/\/www.redenoticia.com.br\/noticia\/wp-json\/wp\/v2\/media?parent=92513"}],"wp:term":[{"taxonomy":"category","embeddable":true,"href":"https:\/\/www.redenoticia.com.br\/noticia\/wp-json\/wp\/v2\/categories?post=92513"},{"taxonomy":"post_tag","embeddable":true,"href":"https:\/\/www.redenoticia.com.br\/noticia\/wp-json\/wp\/v2\/tags?post=92513"}],"curies":[{"name":"wp","href":"https:\/\/api.w.org\/{rel}","templated":true}]}}