{"id":92511,"date":"2016-08-10T06:19:13","date_gmt":"2016-08-10T09:19:13","guid":{"rendered":"http:\/\/www.redenoticia.com.br\/noticia\/?p=92511"},"modified":"2016-08-09T20:20:30","modified_gmt":"2016-08-09T23:20:30","slug":"total-de-consumidores-inadimplentes-no-brasil-cai-para-589-milhoes-diz-spc","status":"publish","type":"post","link":"https:\/\/www.redenoticia.com.br\/noticia\/2016\/total-de-consumidores-inadimplentes-no-brasil-cai-para-589-milhoes-diz-spc\/92511","title":{"rendered":"Total de consumidores inadimplentes no Brasil cai para 58,9 milh\u00f5es, diz SPC"},"content":{"rendered":"<p> A <strong><em>inadimpl\u00eancia<\/em><\/strong> do consumidor voltou a dar sinais de desacelera\u00e7\u00e3o. De acordo com o indicador apurado pelo Servi\u00e7o de Prote\u00e7\u00e3o ao Cr\u00e9dito (SPC Brasil) e pela Confedera\u00e7\u00e3o Nacional de Dirigentes Lojistas (CNDL), o n\u00famero de brasileiros negativados atingiu 58,9 milh\u00f5es no \u00faltimo m\u00eas de julho, o que representa 200 mil consumidores em situa\u00e7\u00e3o de inadimpl\u00eancia a menos do que o registrado em junho (cerca de 59,1 milh\u00f5es). Apesar da queda, esse n\u00famero \u00e9 considerado elevado pelos economistas do SPC Brasil por representar 39,57% da popula\u00e7\u00e3o adulta do pa\u00eds.<\/p>\n<p>Mesmo com a discreta queda na estimativa de brasileiros negativados na passagem de junho para julho, o volume de consumidores inadimplentes aumentou 1,99% no \u00faltimo m\u00eas frente julho de 2015. Essa foi a terceira desacelera\u00e7\u00e3o consecutiva do indicador na base anual de compara\u00e7\u00e3o.<\/p>\n<p>Segundo o SPC Brasil, os dados n\u00e3o levam em considera\u00e7\u00e3o a regi\u00e3o Sudeste por conta da entrada em vigor da Lei Estadual n\u00ba 15.659, conhecida como \u2018Lei do AR\u2019, que dificulta a negativa\u00e7\u00e3o de inadimplentes em S\u00e3o Paulo.<\/p>\n<p>Nordeste lidera<\/p>\n<p>Assim como nos \u00faltimos meses, a regi\u00e3o Nordeste foi a que teve o maior crescimento no n\u00famero de devedores: alta de 5,01% na compara\u00e7\u00e3o anual. Em seguida, a regi\u00e3o Norte, com um aumento de 0,85%. J\u00e1 as regi\u00f5es Sul e Centro-Oeste apresentaram leves recuos, de -1,12% e -1,23%, respectivamente.<\/p>\n<p>Apesar do Nordeste ter apresentado o maior aumento de novos inadimplentes, \u00e9 a regi\u00e3o Norte que det\u00e9m, proporcionalmente, a maior popula\u00e7\u00e3o de consumidores inadimplentes: 5,24 milh\u00f5es de pessoas com contas em atraso, o que representa 45,58% da popula\u00e7\u00e3o adulta desta regi\u00e3o.<\/p>\n<p>O Centro-Oeste, com n\u00famero absoluto de 4,69 milh\u00f5es, apresenta a segunda maior propor\u00e7\u00e3o da popula\u00e7\u00e3o adulta em situa\u00e7\u00e3o de inadimpl\u00eancia (41,55%). A regi\u00e3o Nordeste registrou 16,26 milh\u00f5es de negativados, com 41,27% da popula\u00e7\u00e3o adulta. Por fim, o Sul, com um total de 8,16 milh\u00f5es de consumidores negativados, tem a menor propor\u00e7\u00e3o (36,98% da popula\u00e7\u00e3o adulta).<\/p>\n<p>\u00c1gua e luz lideram crescimento<\/p>\n<p>Segundo o SPC Brasil, a abertura do indicador de d\u00edvidas em atraso por setor da economia mostra que o brasileiro ainda enfrenta dificuldades para realizar o pagamento de contas b\u00e1sicas. O maior avan\u00e7o no n\u00famero de d\u00edvidas foi com as empresas concession\u00e1rias de servi\u00e7os como \u00e1gua e luz, cuja alta atingiu 8,33% na compara\u00e7\u00e3o anual.<\/p>\n<p>\u201cAl\u00e9m da maior dificuldade do consumidor em arcar at\u00e9 mesmo com suas contas b\u00e1sicas, em meio \u00e0 crise econ\u00f4mica, as empresas desses servi\u00e7os mostram mais disposi\u00e7\u00e3o em negativar os consumidores inadimplentes como forma de acelerar o recebimento dos compromissos em atraso. Tem se tornado mais comum que essas empresas negativem o Cadastro de Pessoa F\u00edsica (CPF) do residente antes de realizar o corte no fornecimento\u201d, afirma a economista-chefe Marcela Kawauti, em nota.<\/p>\n<p>As d\u00edvidas com os bancos crescerem 2,48%, ao passo que os atrasos junto ao com\u00e9rcio avan\u00e7aram 1,42% na base anual de compara\u00e7\u00e3o. O \u00fanico setor em que houve queda na quantidade de novas d\u00edvidas registradas foi o de comunica\u00e7\u00e3o, que engloba TV por assinatura, internet e telefonia, com recuo de 5,17%.<\/p>\n<p>Da Ag\u00eancia Brasil<br \/>\nEdi\u00e7\u00e3o: Kleber Sampaio<br \/>\n10\/08\/2016<\/p>\n","protected":false},"excerpt":{"rendered":"<p>A inadimpl\u00eancia do consumidor voltou a dar sinais de desacelera\u00e7\u00e3o. De acordo com o indicador apurado pelo Servi\u00e7o de Prote\u00e7\u00e3o ao Cr\u00e9dito (SPC Brasil) e pela Confedera\u00e7\u00e3o Nacional de Dirigentes Lojistas (CNDL), o n\u00famero de brasileiros negativados atingiu 58,9 milh\u00f5es no \u00faltimo m\u00eas de julho, o que representa 200 mil consumidores em situa\u00e7\u00e3o de inadimpl\u00eancia [&hellip;]<\/p>\n","protected":false},"author":2,"featured_media":57585,"comment_status":"open","ping_status":"closed","sticky":false,"template":"","format":"standard","meta":{"_genesis_hide_title":false,"_genesis_hide_breadcrumbs":false,"_genesis_hide_singular_image":false,"_genesis_hide_footer_widgets":false,"_genesis_custom_body_class":"","_genesis_custom_post_class":"","_genesis_layout":"","_jetpack_memberships_contains_paid_content":false,"footnotes":""},"categories":[22,7],"tags":[],"class_list":{"0":"post-92511","1":"post","2":"type-post","3":"status-publish","4":"format-standard","5":"has-post-thumbnail","7":"category-brasil","8":"category-economia","9":"entry","10":"gs-1","11":"gs-odd","12":"gs-even","13":"gs-featured-content-entry"},"jetpack_featured_media_url":"https:\/\/www.redenoticia.com.br\/noticia\/imagens\/analise-economia.jpg","jetpack_sharing_enabled":true,"jetpack_likes_enabled":true,"_links":{"self":[{"href":"https:\/\/www.redenoticia.com.br\/noticia\/wp-json\/wp\/v2\/posts\/92511","targetHints":{"allow":["GET"]}}],"collection":[{"href":"https:\/\/www.redenoticia.com.br\/noticia\/wp-json\/wp\/v2\/posts"}],"about":[{"href":"https:\/\/www.redenoticia.com.br\/noticia\/wp-json\/wp\/v2\/types\/post"}],"author":[{"embeddable":true,"href":"https:\/\/www.redenoticia.com.br\/noticia\/wp-json\/wp\/v2\/users\/2"}],"replies":[{"embeddable":true,"href":"https:\/\/www.redenoticia.com.br\/noticia\/wp-json\/wp\/v2\/comments?post=92511"}],"version-history":[{"count":0,"href":"https:\/\/www.redenoticia.com.br\/noticia\/wp-json\/wp\/v2\/posts\/92511\/revisions"}],"wp:featuredmedia":[{"embeddable":true,"href":"https:\/\/www.redenoticia.com.br\/noticia\/wp-json\/wp\/v2\/media\/57585"}],"wp:attachment":[{"href":"https:\/\/www.redenoticia.com.br\/noticia\/wp-json\/wp\/v2\/media?parent=92511"}],"wp:term":[{"taxonomy":"category","embeddable":true,"href":"https:\/\/www.redenoticia.com.br\/noticia\/wp-json\/wp\/v2\/categories?post=92511"},{"taxonomy":"post_tag","embeddable":true,"href":"https:\/\/www.redenoticia.com.br\/noticia\/wp-json\/wp\/v2\/tags?post=92511"}],"curies":[{"name":"wp","href":"https:\/\/api.w.org\/{rel}","templated":true}]}}