{"id":92505,"date":"2016-08-10T06:14:03","date_gmt":"2016-08-10T09:14:03","guid":{"rendered":"http:\/\/www.redenoticia.com.br\/noticia\/?p=92505"},"modified":"2016-08-09T20:16:16","modified_gmt":"2016-08-09T23:16:16","slug":"procon-sp-lanca-atendimento-especial-para-a-olimpiada","status":"publish","type":"post","link":"https:\/\/www.redenoticia.com.br\/noticia\/2016\/procon-sp-lanca-atendimento-especial-para-a-olimpiada\/92505","title":{"rendered":"Procon-SP lan\u00e7a atendimento especial para a Olimp\u00edada"},"content":{"rendered":"<p>Para atender com agilidade consumidores que tiverem problemas relacionados com <strong><em>direitos do consumidor durante os Jogos Ol\u00edmpicos<\/em><\/strong> (ingressos, acesso aos jogos, hospedagem, meios de transporte, etc), o Procon-SP lan\u00e7ou um canal de atendimento especial e exclusivo: um  para registro das den\u00fancias. .<\/p>\n<p>As reclama\u00e7\u00f5es ser\u00e3o analisadas de forma r\u00e1pida e enviadas as empresas com prazo de resposta mais curto ao Procon, de at\u00e9 dois dias, considerando a excepcionalidade da situa\u00e7\u00e3o e necessidade de urg\u00eancia na resolu\u00e7\u00e3o. Consumidores sem acesso \u00e0 Internet podem registrar reclama\u00e7\u00e3o presencialmente (), ou ainda via telefone 151 (valido para telefones fixos da Capital).<\/p>\n<p>Fiscaliza\u00e7\u00e3o<br \/>\nA Procon-SP tamb\u00e9m realizar\u00e1 durante a Olimp\u00edada 2016 opera\u00e7\u00f5es de fiscaliza\u00e7\u00e3o nos aeroportos e rodovi\u00e1rias e, durante os dias de jogos, na Arena Corinthians, para verificar o cumprimento do C\u00f3digo de Defesa do Consumidor.<\/p>\n<p>Funcionamento do Procon-SP no Poupatempo em Itaquera<br \/>\nPor estar localizado pr\u00f3ximo \u00e0 Arena Corinthians, onde acontecer\u00e3o jogos de futebol da Olimp\u00edada, a unidade do Poupatempo em Itaquera ter\u00e1 hor\u00e1rio diferenciado nos dias das partidas.<\/p>\n<p>10\/08 &#8211; Quarta-feira<br \/>\nAberto das 7h \u00e0s 13h<\/p>\n<p>12\/08 &#8211; Sexta-feira<br \/>\nAberto das 7h \u00e0s 13h<\/p>\n<p>17\/08 &#8211; Quarta-feira<br \/>\nFechado<\/p>\n<p>19\/08 &#8211; Sexta-feira<br \/>\nFechado<\/p>\n<p>Do Portal do Governo do Estado SP<\/p>\n","protected":false},"excerpt":{"rendered":"<p>Para atender com agilidade consumidores que tiverem problemas relacionados com direitos do consumidor durante os Jogos Ol\u00edmpicos (ingressos, acesso aos jogos, hospedagem, meios de transporte, etc), o Procon-SP lan\u00e7ou um canal de atendimento especial e exclusivo: um para registro das den\u00fancias. . As reclama\u00e7\u00f5es ser\u00e3o analisadas de forma r\u00e1pida e enviadas as empresas com prazo [&hellip;]<\/p>\n","protected":false},"author":2,"featured_media":37419,"comment_status":"open","ping_status":"closed","sticky":false,"template":"","format":"standard","meta":{"_genesis_hide_title":false,"_genesis_hide_breadcrumbs":false,"_genesis_hide_singular_image":false,"_genesis_hide_footer_widgets":false,"_genesis_custom_body_class":"","_genesis_custom_post_class":"","_genesis_layout":"","_jetpack_memberships_contains_paid_content":false,"footnotes":""},"categories":[22],"tags":[],"class_list":{"0":"post-92505","1":"post","2":"type-post","3":"status-publish","4":"format-standard","5":"has-post-thumbnail","7":"category-brasil","8":"entry","9":"gs-1","10":"gs-odd","11":"gs-even","12":"gs-featured-content-entry"},"jetpack_featured_media_url":"https:\/\/www.redenoticia.com.br\/noticia\/imagens\/computador-tecnologia.jpg","jetpack_sharing_enabled":true,"jetpack_likes_enabled":true,"_links":{"self":[{"href":"https:\/\/www.redenoticia.com.br\/noticia\/wp-json\/wp\/v2\/posts\/92505","targetHints":{"allow":["GET"]}}],"collection":[{"href":"https:\/\/www.redenoticia.com.br\/noticia\/wp-json\/wp\/v2\/posts"}],"about":[{"href":"https:\/\/www.redenoticia.com.br\/noticia\/wp-json\/wp\/v2\/types\/post"}],"author":[{"embeddable":true,"href":"https:\/\/www.redenoticia.com.br\/noticia\/wp-json\/wp\/v2\/users\/2"}],"replies":[{"embeddable":true,"href":"https:\/\/www.redenoticia.com.br\/noticia\/wp-json\/wp\/v2\/comments?post=92505"}],"version-history":[{"count":0,"href":"https:\/\/www.redenoticia.com.br\/noticia\/wp-json\/wp\/v2\/posts\/92505\/revisions"}],"wp:featuredmedia":[{"embeddable":true,"href":"https:\/\/www.redenoticia.com.br\/noticia\/wp-json\/wp\/v2\/media\/37419"}],"wp:attachment":[{"href":"https:\/\/www.redenoticia.com.br\/noticia\/wp-json\/wp\/v2\/media?parent=92505"}],"wp:term":[{"taxonomy":"category","embeddable":true,"href":"https:\/\/www.redenoticia.com.br\/noticia\/wp-json\/wp\/v2\/categories?post=92505"},{"taxonomy":"post_tag","embeddable":true,"href":"https:\/\/www.redenoticia.com.br\/noticia\/wp-json\/wp\/v2\/tags?post=92505"}],"curies":[{"name":"wp","href":"https:\/\/api.w.org\/{rel}","templated":true}]}}