{"id":92412,"date":"2016-08-09T06:49:30","date_gmt":"2016-08-09T09:49:30","guid":{"rendered":"http:\/\/www.redenoticia.com.br\/noticia\/?p=92412"},"modified":"2016-08-08T20:50:44","modified_gmt":"2016-08-08T23:50:44","slug":"taxas-medias-de-juros-aumentam-pela-setima-vez-no-ano-diz-anefac","status":"publish","type":"post","link":"https:\/\/www.redenoticia.com.br\/noticia\/2016\/taxas-medias-de-juros-aumentam-pela-setima-vez-no-ano-diz-anefac\/92412","title":{"rendered":"Taxas m\u00e9dias de juros aumentam pela s\u00e9tima vez no ano, diz Anefac"},"content":{"rendered":"<p> As <strong><em>taxas m\u00e9dias de juros<\/em><\/strong> das opera\u00e7\u00f5es de cr\u00e9dito aumentaram em julho, chegando \u00e0 s\u00e9tima eleva\u00e7\u00e3o no ano, de acordo com a Associa\u00e7\u00e3o Nacional de Executivos de Finan\u00e7as, Administra\u00e7\u00e3o e Contabilidade (Anefac). Para pessoa f\u00edsica, a taxa de juros m\u00e9dia apresentou eleva\u00e7\u00e3o de 0,03 ponto percentual no m\u00eas (3,85 pontos percentuais no ano), passando de 8,06% ao m\u00eas em junho para 8,09% ao m\u00eas em julho.<\/p>\n<p>Trata-se da maior taxa de juros desde setembro de 2003. Das seis linhas de cr\u00e9dito pesquisadas, o cart\u00e3o de cr\u00e9dito rotativo manteve sua taxa de juros no m\u00eas, enquanto os juros do com\u00e9rcio e o empr\u00e9stimo pessoal em bancos registraram redu\u00e7\u00f5es. O cheque especial, o CDC-bancos \u2013 financiamento de autom\u00f3veis e o empr\u00e9stimo pessoal em financeiras tiveram taxas de juros elevadas no m\u00eas.<\/p>\n<p> Para pessoa jur\u00eddica, das tr\u00eas linhas de cr\u00e9dito pesquisadas, todas foram elevadas no per\u00edodo. A taxa de juros m\u00e9dia geral apresentou eleva\u00e7\u00e3o de 0,09 ponto percentual no m\u00eas, aumentando de 4,63% ao m\u00eas em junho para 4,72% ao m\u00eas em julho. Esta foi a maior taxa de juros desde agosto de 2003.<\/p>\n<p>Selic<\/p>\n<p>Considerando as eleva\u00e7\u00f5es da taxa b\u00e1sica de juros promovidas pelo Banco Central desde mar\u00e7o de 2013, houve eleva\u00e7\u00e3o de 7 pontos percentuais da Selic (eleva\u00e7\u00e3o de 96,55%) de 7,25% ao ano em mar\u00e7o de 2013 para 14,25% ao ano em julho deste ano.<\/p>\n<p>No per\u00edodo, a taxa de juros m\u00e9dia para pessoa f\u00edsica cresceu 66,38 pontos percentuais (eleva\u00e7\u00e3o de 75,46%), passando de 87,97% ao ano em mar\u00e7o de 2013 para 154,35% ao ano em julho de 2016.<\/p>\n<p>Nas opera\u00e7\u00f5es de cr\u00e9dito para pessoa jur\u00eddica, houve aumento de 30,34 pontos percentuais (eleva\u00e7\u00e3o de 69,62%), elevando de 43,58% ao ano em mar\u00e7o de 2013 para 73,92% ao ano em julho deste ano.<\/p>\n<p>Fernanda Cruz &#8211; Rep\u00f3rter da Ag\u00eancia Brasil<br \/>\nEdi\u00e7\u00e3o: Armando Cardoso<br \/>\n09\/08\/2016<\/p>\n","protected":false},"excerpt":{"rendered":"<p>As taxas m\u00e9dias de juros das opera\u00e7\u00f5es de cr\u00e9dito aumentaram em julho, chegando \u00e0 s\u00e9tima eleva\u00e7\u00e3o no ano, de acordo com a Associa\u00e7\u00e3o Nacional de Executivos de Finan\u00e7as, Administra\u00e7\u00e3o e Contabilidade (Anefac). Para pessoa f\u00edsica, a taxa de juros m\u00e9dia apresentou eleva\u00e7\u00e3o de 0,03 ponto percentual no m\u00eas (3,85 pontos percentuais no ano), passando de [&hellip;]<\/p>\n","protected":false},"author":2,"featured_media":57582,"comment_status":"open","ping_status":"closed","sticky":false,"template":"","format":"standard","meta":{"_genesis_hide_title":false,"_genesis_hide_breadcrumbs":false,"_genesis_hide_singular_image":false,"_genesis_hide_footer_widgets":false,"_genesis_custom_body_class":"","_genesis_custom_post_class":"","_genesis_layout":"","_jetpack_memberships_contains_paid_content":false,"footnotes":""},"categories":[22,7],"tags":[],"class_list":{"0":"post-92412","1":"post","2":"type-post","3":"status-publish","4":"format-standard","5":"has-post-thumbnail","7":"category-brasil","8":"category-economia","9":"entry","10":"gs-1","11":"gs-odd","12":"gs-even","13":"gs-featured-content-entry"},"jetpack_featured_media_url":"https:\/\/www.redenoticia.com.br\/noticia\/imagens\/grafico1.jpg","jetpack_sharing_enabled":true,"jetpack_likes_enabled":true,"_links":{"self":[{"href":"https:\/\/www.redenoticia.com.br\/noticia\/wp-json\/wp\/v2\/posts\/92412","targetHints":{"allow":["GET"]}}],"collection":[{"href":"https:\/\/www.redenoticia.com.br\/noticia\/wp-json\/wp\/v2\/posts"}],"about":[{"href":"https:\/\/www.redenoticia.com.br\/noticia\/wp-json\/wp\/v2\/types\/post"}],"author":[{"embeddable":true,"href":"https:\/\/www.redenoticia.com.br\/noticia\/wp-json\/wp\/v2\/users\/2"}],"replies":[{"embeddable":true,"href":"https:\/\/www.redenoticia.com.br\/noticia\/wp-json\/wp\/v2\/comments?post=92412"}],"version-history":[{"count":0,"href":"https:\/\/www.redenoticia.com.br\/noticia\/wp-json\/wp\/v2\/posts\/92412\/revisions"}],"wp:featuredmedia":[{"embeddable":true,"href":"https:\/\/www.redenoticia.com.br\/noticia\/wp-json\/wp\/v2\/media\/57582"}],"wp:attachment":[{"href":"https:\/\/www.redenoticia.com.br\/noticia\/wp-json\/wp\/v2\/media?parent=92412"}],"wp:term":[{"taxonomy":"category","embeddable":true,"href":"https:\/\/www.redenoticia.com.br\/noticia\/wp-json\/wp\/v2\/categories?post=92412"},{"taxonomy":"post_tag","embeddable":true,"href":"https:\/\/www.redenoticia.com.br\/noticia\/wp-json\/wp\/v2\/tags?post=92412"}],"curies":[{"name":"wp","href":"https:\/\/api.w.org\/{rel}","templated":true}]}}