{"id":92410,"date":"2016-08-09T06:48:11","date_gmt":"2016-08-09T09:48:11","guid":{"rendered":"http:\/\/www.redenoticia.com.br\/noticia\/?p=92410"},"modified":"2016-08-08T20:49:27","modified_gmt":"2016-08-08T23:49:27","slug":"ipc-s-tem-variacao-de-046-na-primeira-semana-de-apuracao-em-agosto","status":"publish","type":"post","link":"https:\/\/www.redenoticia.com.br\/noticia\/2016\/ipc-s-tem-variacao-de-046-na-primeira-semana-de-apuracao-em-agosto\/92410","title":{"rendered":"IPC-S tem varia\u00e7\u00e3o de 0,46% na primeira semana de apura\u00e7\u00e3o em agosto"},"content":{"rendered":"<p> O <strong><em>\u00cdndice de Pre\u00e7os ao Consumidor Semanal<\/em><\/strong> (IPC-S), medido pelo Instituto Brasileiro de Economia (Ibre) da Funda\u00e7\u00e3o Getulio Vargas, atingiu 0,46% na primeira semana de apura\u00e7\u00e3o em agosto, 0,09 ponto percentual acima da taxa registrada na \u00faltima divulga\u00e7\u00e3o. Seis das oito classes de despesa que comp\u00f5em o \u00edndice apresentaram aumento.<\/p>\n<p>Segundo os dados, a maior contribui\u00e7\u00e3o partiu do grupo alimenta\u00e7\u00e3o, que passou de 0,39% para 0,72%, com destaque para o comportamento do item frutas (de -7,40% para -3,09%). Tamb\u00e9m registraram acr\u00e9scimo os grupos educa\u00e7\u00e3o, leitura e recrea\u00e7\u00e3o (de 0,71% para 1,06%), vestu\u00e1rio (de 0,18% para 0,31%), transportes (de 0,25% para 0,32%), sa\u00fade e cuidados pessoais (de 0,85% para 0,87%) e comunica\u00e7\u00e3o (de 0,17% para 0,18%).<\/p>\n<p>De acordo com o \u00edndice, nessas classes de despesa tiveram eleva\u00e7\u00e3o os itens show musical (de 4,76% para 9,49%), roupas (de -0,01% para 0,19%), gasolina (de 0,22% para 0,59%), artigos de higiene e cuidado pessoal (de 2,14% para 2,38%) e mensalidade para internet (de 0,88% para 1,11%).<\/p>\n<p>Tiveram queda os grupos habita\u00e7\u00e3o (de 0,14% para -0,01%) e despesas diversas (de 0,49% para 0,31%). Contribu\u00edram para a queda o condom\u00ednio residencial (de 0,84% para -0,15%) e a tarifa postal (de 8,30% para 6,02%).<\/p>\n<p>Fl\u00e1via Albuquerque &#8211; Rep\u00f3rter da Ag\u00eancia Brasil<br \/>\nEdi\u00e7\u00e3o: Gra\u00e7a Adjuto<br \/>\n09\/08\/2016<\/p>\n","protected":false},"excerpt":{"rendered":"<p>O \u00cdndice de Pre\u00e7os ao Consumidor Semanal (IPC-S), medido pelo Instituto Brasileiro de Economia (Ibre) da Funda\u00e7\u00e3o Getulio Vargas, atingiu 0,46% na primeira semana de apura\u00e7\u00e3o em agosto, 0,09 ponto percentual acima da taxa registrada na \u00faltima divulga\u00e7\u00e3o. Seis das oito classes de despesa que comp\u00f5em o \u00edndice apresentaram aumento. Segundo os dados, a maior [&hellip;]<\/p>\n","protected":false},"author":2,"featured_media":57583,"comment_status":"open","ping_status":"closed","sticky":false,"template":"","format":"standard","meta":{"_genesis_hide_title":false,"_genesis_hide_breadcrumbs":false,"_genesis_hide_singular_image":false,"_genesis_hide_footer_widgets":false,"_genesis_custom_body_class":"","_genesis_custom_post_class":"","_genesis_layout":"","_jetpack_memberships_contains_paid_content":false,"footnotes":""},"categories":[22,7],"tags":[],"class_list":{"0":"post-92410","1":"post","2":"type-post","3":"status-publish","4":"format-standard","5":"has-post-thumbnail","7":"category-brasil","8":"category-economia","9":"entry","10":"gs-1","11":"gs-odd","12":"gs-even","13":"gs-featured-content-entry"},"jetpack_featured_media_url":"https:\/\/www.redenoticia.com.br\/noticia\/imagens\/economia-grafico.jpg","jetpack_sharing_enabled":true,"jetpack_likes_enabled":true,"_links":{"self":[{"href":"https:\/\/www.redenoticia.com.br\/noticia\/wp-json\/wp\/v2\/posts\/92410","targetHints":{"allow":["GET"]}}],"collection":[{"href":"https:\/\/www.redenoticia.com.br\/noticia\/wp-json\/wp\/v2\/posts"}],"about":[{"href":"https:\/\/www.redenoticia.com.br\/noticia\/wp-json\/wp\/v2\/types\/post"}],"author":[{"embeddable":true,"href":"https:\/\/www.redenoticia.com.br\/noticia\/wp-json\/wp\/v2\/users\/2"}],"replies":[{"embeddable":true,"href":"https:\/\/www.redenoticia.com.br\/noticia\/wp-json\/wp\/v2\/comments?post=92410"}],"version-history":[{"count":0,"href":"https:\/\/www.redenoticia.com.br\/noticia\/wp-json\/wp\/v2\/posts\/92410\/revisions"}],"wp:featuredmedia":[{"embeddable":true,"href":"https:\/\/www.redenoticia.com.br\/noticia\/wp-json\/wp\/v2\/media\/57583"}],"wp:attachment":[{"href":"https:\/\/www.redenoticia.com.br\/noticia\/wp-json\/wp\/v2\/media?parent=92410"}],"wp:term":[{"taxonomy":"category","embeddable":true,"href":"https:\/\/www.redenoticia.com.br\/noticia\/wp-json\/wp\/v2\/categories?post=92410"},{"taxonomy":"post_tag","embeddable":true,"href":"https:\/\/www.redenoticia.com.br\/noticia\/wp-json\/wp\/v2\/tags?post=92410"}],"curies":[{"name":"wp","href":"https:\/\/api.w.org\/{rel}","templated":true}]}}