{"id":92408,"date":"2016-08-09T06:47:06","date_gmt":"2016-08-09T09:47:06","guid":{"rendered":"http:\/\/www.redenoticia.com.br\/noticia\/?p=92408"},"modified":"2016-08-08T20:48:06","modified_gmt":"2016-08-08T23:48:06","slug":"mercado-reduz-de-324-para-323-queda-da-economia-este-ano","status":"publish","type":"post","link":"https:\/\/www.redenoticia.com.br\/noticia\/2016\/mercado-reduz-de-324-para-323-queda-da-economia-este-ano\/92408","title":{"rendered":"Mercado reduz de 3,24% para 3,23% queda da economia este ano"},"content":{"rendered":"<p> Institui\u00e7\u00f5es financeiras consultadas pelo Banco Central (BC) ajustaram a estimativa de encolhimento da economia pela segunda vez consecutiva. A proje\u00e7\u00e3o de queda do <strong><em>Produto Interno Bruto<\/em><\/strong> (PIB), soma de todos os bens e servi\u00e7os produzidos no pa\u00eds, passou de 3,24% para 3,23%.<\/p>\n<p>Para 2017, a proje\u00e7\u00e3o de crescimento segue em 1,1% h\u00e1 tr\u00eas semanas consecutivas. As proje\u00e7\u00f5es fazem parte de pesquisa feita todas as semanas pelo BC sobre os principais indicadores da economia. O Boletim Focus \u00e9 divulgado sempre \u00e0s segundas-feiras pelo Banco Central.<\/p>\n<p>A proje\u00e7\u00e3o das institui\u00e7\u00f5es financeiras para a infla\u00e7\u00e3o, medida pelo \u00cdndice Nacional de Pre\u00e7os ao Consumidor Amplo (IPCA), passou de 7,21% para 7,20% este ano, e de 5,20% para 5,14%, em 2017.<\/p>\n<p>As estimativas est\u00e3o distantes do centro da meta de infla\u00e7\u00e3o de 4,5%. Para este ano, a proje\u00e7\u00e3o ultrapassa tamb\u00e9m o limite superior da meta de 6,5%. O teto da meta em 2017 \u00e9 6%.<\/p>\n<p>Meta inflacion\u00e1ria<\/p>\n<p>\u00c9 fun\u00e7\u00e3o do BC fazer com que a infla\u00e7\u00e3o fique dentro da meta. Um dos instrumentos usados para influenciar a atividade econ\u00f4mica e, consequentemente, a infla\u00e7\u00e3o, \u00e9 a taxa b\u00e1sica de juros, a Selic.<\/p>\n<p>Quando o Comit\u00ea de Pol\u00edtica Monet\u00e1ria (Copom) do Banco Central aumenta a Selic, o objetivo \u00e9 conter a demanda aquecida, e isso gera reflexos nos pre\u00e7os, porque os juros mais altos encarecem o cr\u00e9dito e estimulam a poupan\u00e7a. Quando o Copom reduz os juros b\u00e1sicos, a tend\u00eancia \u00e9 que o cr\u00e9dito fique mais barato, com incentivo \u00e0 produ\u00e7\u00e3o e ao consumo, mas a medida alivia o controle sobre a infla\u00e7\u00e3o.<\/p>\n<p>O BC tem que encontrar equil\u00edbrio ao tomar decis\u00f5es sobre a taxa b\u00e1sica de juros, de modo a fazer com que a infla\u00e7\u00e3o fique dentro da meta estabelecida pelo Conselho Monet\u00e1rio Nacional. Atualmente, a Selic est\u00e1 em 14,25% ao ano.<\/p>\n<p>A expectativa das institui\u00e7\u00f5es financeiras para a taxa permanece em 13,50% ao ano, ao final de 2016, e em 11% ao ano, no fim de 2017.<\/p>\n<p>A proje\u00e7\u00e3o para a cota\u00e7\u00e3o do d\u00f3lar segue em R$ 3,30 ao final de 2016, e em R$ 3,50 no fim de 2017.<\/p>\n<p>Fl\u00e1via Albuquerque &#8211; Rep\u00f3rter da Ag\u00eancia Brasil<br \/>\nEdi\u00e7\u00e3o: Kleber Sampaio<br \/>\n09\/08\/2016<\/p>\n","protected":false},"excerpt":{"rendered":"<p>Institui\u00e7\u00f5es financeiras consultadas pelo Banco Central (BC) ajustaram a estimativa de encolhimento da economia pela segunda vez consecutiva. A proje\u00e7\u00e3o de queda do Produto Interno Bruto (PIB), soma de todos os bens e servi\u00e7os produzidos no pa\u00eds, passou de 3,24% para 3,23%. Para 2017, a proje\u00e7\u00e3o de crescimento segue em 1,1% h\u00e1 tr\u00eas semanas consecutivas. [&hellip;]<\/p>\n","protected":false},"author":2,"featured_media":57585,"comment_status":"open","ping_status":"closed","sticky":false,"template":"","format":"standard","meta":{"_genesis_hide_title":false,"_genesis_hide_breadcrumbs":false,"_genesis_hide_singular_image":false,"_genesis_hide_footer_widgets":false,"_genesis_custom_body_class":"","_genesis_custom_post_class":"","_genesis_layout":"","_jetpack_memberships_contains_paid_content":false,"footnotes":""},"categories":[22,7],"tags":[],"class_list":{"0":"post-92408","1":"post","2":"type-post","3":"status-publish","4":"format-standard","5":"has-post-thumbnail","7":"category-brasil","8":"category-economia","9":"entry","10":"gs-1","11":"gs-odd","12":"gs-even","13":"gs-featured-content-entry"},"jetpack_featured_media_url":"https:\/\/www.redenoticia.com.br\/noticia\/imagens\/analise-economia.jpg","jetpack_sharing_enabled":true,"jetpack_likes_enabled":true,"_links":{"self":[{"href":"https:\/\/www.redenoticia.com.br\/noticia\/wp-json\/wp\/v2\/posts\/92408","targetHints":{"allow":["GET"]}}],"collection":[{"href":"https:\/\/www.redenoticia.com.br\/noticia\/wp-json\/wp\/v2\/posts"}],"about":[{"href":"https:\/\/www.redenoticia.com.br\/noticia\/wp-json\/wp\/v2\/types\/post"}],"author":[{"embeddable":true,"href":"https:\/\/www.redenoticia.com.br\/noticia\/wp-json\/wp\/v2\/users\/2"}],"replies":[{"embeddable":true,"href":"https:\/\/www.redenoticia.com.br\/noticia\/wp-json\/wp\/v2\/comments?post=92408"}],"version-history":[{"count":0,"href":"https:\/\/www.redenoticia.com.br\/noticia\/wp-json\/wp\/v2\/posts\/92408\/revisions"}],"wp:featuredmedia":[{"embeddable":true,"href":"https:\/\/www.redenoticia.com.br\/noticia\/wp-json\/wp\/v2\/media\/57585"}],"wp:attachment":[{"href":"https:\/\/www.redenoticia.com.br\/noticia\/wp-json\/wp\/v2\/media?parent=92408"}],"wp:term":[{"taxonomy":"category","embeddable":true,"href":"https:\/\/www.redenoticia.com.br\/noticia\/wp-json\/wp\/v2\/categories?post=92408"},{"taxonomy":"post_tag","embeddable":true,"href":"https:\/\/www.redenoticia.com.br\/noticia\/wp-json\/wp\/v2\/tags?post=92408"}],"curies":[{"name":"wp","href":"https:\/\/api.w.org\/{rel}","templated":true}]}}