{"id":92404,"date":"2016-08-09T06:44:41","date_gmt":"2016-08-09T09:44:41","guid":{"rendered":"http:\/\/www.redenoticia.com.br\/noticia\/?p=92404"},"modified":"2016-08-08T20:45:44","modified_gmt":"2016-08-08T23:45:44","slug":"operacao-dia-dos-pais-procon-sp-autua-31-dos-estabelecimentos-fiscalizados","status":"publish","type":"post","link":"https:\/\/www.redenoticia.com.br\/noticia\/2016\/operacao-dia-dos-pais-procon-sp-autua-31-dos-estabelecimentos-fiscalizados\/92404","title":{"rendered":"Opera\u00e7\u00e3o Dia dos Pais: Procon-SP autua 31% dos estabelecimentos fiscalizados"},"content":{"rendered":"<p> A Funda\u00e7\u00e3o Procon-SP realizou entre os dias 25 de julho e 2 de agosto a Opera\u00e7\u00e3o <strong><em>Dia dos Pais<\/em><\/strong>. Foram 811 estabelecimentos visitados na capital e em mais trinta cidades no interior e litoral do estado, destes, foram autuados 258, cerca de 31% do total vistoriado.<\/p>\n<p>A maior parte dos casos est\u00e1 relacionada a problemas na informa\u00e7\u00e3o de pre\u00e7o das mercadorias, esses s\u00e3o 61% dos estabelecimentos que foram autuados. V\u00e3o desde produtos sem pre\u00e7os, produtos com c\u00f3digo referencial, mas sem respectiva tabela de pre\u00e7os, precifica\u00e7\u00e3o por meio de c\u00f3digo ou unicamente por meio de c\u00f3digo de barras, e at\u00e9 dois pre\u00e7os para o mesmo produto, entre outros problemas.<\/p>\n<p>A segunda principal irregularidade foi a validade dos produtos. Em 39 estabelecimentos foram apresentaram mercadorias com a validade vencida, apagada, borrada, sem validade ou validade n\u00e3o vis\u00edvel.<\/p>\n<p>A Opera\u00e7\u00e3o Dia dos Pais do Procon-SP visitou com\u00e9rcios de rua, shoppings e grandes redes varejistas e inspecionou uma s\u00e9rie de obriga\u00e7\u00f5es legais do fornecedor, principalmente a disponibiliza\u00e7\u00e3o de exemplar do C\u00f3digo de Defesa do Consumidor para consulta, exposi\u00e7\u00e3o de todos os pre\u00e7os, produtos com r\u00f3tulos e etiquetas em l\u00edngua portuguesa, prazo de validade em dia e informa\u00e7\u00e3o clara sobre formas de pagamento, trocas e fila preferencial.<\/p>\n<p>Do Portal do Governo do Estado SP<\/p>\n","protected":false},"excerpt":{"rendered":"<p>A Funda\u00e7\u00e3o Procon-SP realizou entre os dias 25 de julho e 2 de agosto a Opera\u00e7\u00e3o Dia dos Pais. Foram 811 estabelecimentos visitados na capital e em mais trinta cidades no interior e litoral do estado, destes, foram autuados 258, cerca de 31% do total vistoriado. A maior parte dos casos est\u00e1 relacionada a problemas [&hellip;]<\/p>\n","protected":false},"author":2,"featured_media":34966,"comment_status":"open","ping_status":"closed","sticky":false,"template":"","format":"standard","meta":{"_genesis_hide_title":false,"_genesis_hide_breadcrumbs":false,"_genesis_hide_singular_image":false,"_genesis_hide_footer_widgets":false,"_genesis_custom_body_class":"","_genesis_custom_post_class":"","_genesis_layout":"","_jetpack_memberships_contains_paid_content":false,"footnotes":""},"categories":[22],"tags":[],"class_list":{"0":"post-92404","1":"post","2":"type-post","3":"status-publish","4":"format-standard","5":"has-post-thumbnail","7":"category-brasil","8":"entry","9":"gs-1","10":"gs-odd","11":"gs-even","12":"gs-featured-content-entry"},"jetpack_featured_media_url":"https:\/\/www.redenoticia.com.br\/noticia\/imagens\/fim-da-sacola-plastica.jpg","jetpack_sharing_enabled":true,"jetpack_likes_enabled":true,"_links":{"self":[{"href":"https:\/\/www.redenoticia.com.br\/noticia\/wp-json\/wp\/v2\/posts\/92404","targetHints":{"allow":["GET"]}}],"collection":[{"href":"https:\/\/www.redenoticia.com.br\/noticia\/wp-json\/wp\/v2\/posts"}],"about":[{"href":"https:\/\/www.redenoticia.com.br\/noticia\/wp-json\/wp\/v2\/types\/post"}],"author":[{"embeddable":true,"href":"https:\/\/www.redenoticia.com.br\/noticia\/wp-json\/wp\/v2\/users\/2"}],"replies":[{"embeddable":true,"href":"https:\/\/www.redenoticia.com.br\/noticia\/wp-json\/wp\/v2\/comments?post=92404"}],"version-history":[{"count":0,"href":"https:\/\/www.redenoticia.com.br\/noticia\/wp-json\/wp\/v2\/posts\/92404\/revisions"}],"wp:featuredmedia":[{"embeddable":true,"href":"https:\/\/www.redenoticia.com.br\/noticia\/wp-json\/wp\/v2\/media\/34966"}],"wp:attachment":[{"href":"https:\/\/www.redenoticia.com.br\/noticia\/wp-json\/wp\/v2\/media?parent=92404"}],"wp:term":[{"taxonomy":"category","embeddable":true,"href":"https:\/\/www.redenoticia.com.br\/noticia\/wp-json\/wp\/v2\/categories?post=92404"},{"taxonomy":"post_tag","embeddable":true,"href":"https:\/\/www.redenoticia.com.br\/noticia\/wp-json\/wp\/v2\/tags?post=92404"}],"curies":[{"name":"wp","href":"https:\/\/api.w.org\/{rel}","templated":true}]}}