{"id":92291,"date":"2016-08-08T06:24:03","date_gmt":"2016-08-08T09:24:03","guid":{"rendered":"http:\/\/www.redenoticia.com.br\/noticia\/?p=92291"},"modified":"2016-08-06T20:25:39","modified_gmt":"2016-08-06T23:25:39","slug":"correios-estendem-servico-de-perdidos-e-achados-para-objetos-durante-rio-2016","status":"publish","type":"post","link":"https:\/\/www.redenoticia.com.br\/noticia\/2016\/correios-estendem-servico-de-perdidos-e-achados-para-objetos-durante-rio-2016\/92291","title":{"rendered":"Correios estendem servi\u00e7o de Perdidos e Achados para objetos durante Rio 2016"},"content":{"rendered":"<p> Durante a Olimp\u00edada e a Paralimp\u00edada do Rio de Janeiro, os Correios v\u00e3o estender o <strong><em>servi\u00e7o de Achados e Perdidos<\/em><\/strong>, que normalmente abrange apenas documentos, tamb\u00e9m a objetos, mas apenas os que forem deixados dentro das arenas esportivas, pois fora dessas instala\u00e7\u00f5es, somente documentos ser\u00e3o recebidos, de acordo com o coordenador do servi\u00e7o, Kaiser Mark Vidal.<\/p>\n<p>O servi\u00e7o entrou em opera\u00e7\u00e3o durante a primeira partida do futebol feminino ol\u00edmpico, no Est\u00e1dio do Engenh\u00e3o, zona norte do Rio de Janeiro, onde foram perdidos, entre outros objetos, brincos, casacos e celulares. Em cada local de competi\u00e7\u00e3o ser\u00e1 instalado, pelo menos, um balc\u00e3o de Perdidos e Achados. <\/p>\n<p>Na Vila dos Atletas, o servi\u00e7o ser\u00e1 permanente, at\u00e9 o final dos Jogos Paral\u00edmpicos, no dia 18 de setembro. No encerramento da Olimp\u00edada, no dia 21 deste m\u00eas, o servi\u00e7o nos balc\u00f5es para cadastramento de itens ser\u00e1 interrompido, retornando quando come\u00e7ar a Paralimp\u00edada, no dia 7 de setembro.<\/p>\n<p>Quem perder algum objeto ou documento nos locais de competi\u00e7\u00f5es deve procurar o balc\u00e3o dos Correios e cadastrar a perda. Se algu\u00e9m j\u00e1 tiver localizado o item, a entrega \u00e9 feita na hora, no local. O sistema funciona online, o que permite a integra\u00e7\u00e3o entre os balc\u00f5es e a pessoa sai dali j\u00e1 com o item recuperado, de acordo com o coordenador.<\/p>\n<p>Se a pessoa n\u00e3o encontrar o objeto no dia ou s\u00f3 perceber a perda depois, pode ligar para o calis center da Embratel, no telefone 3004-2016, e dar as informa\u00e7\u00f5es sobre o item perdido. O call center localiza o item de caracter\u00edsticas semelhantes \u00e0s informadas pelo morador do Rio de Janeiro ou turista e faz uma pr\u00e9-reserva para o interessado. A partir da\u00ed, e pode ir \u00e0 Ag\u00eancia General Os\u00f3rio dos Correios, em Ipanema, zona sul, onde ser\u00e1 centralizada a entrega de documentos e objetos perdidos, na cidade do Rio de Janeiro. Essa reserva dura cinco dias. Kaiser Mark Vidal explica que os objetos e documentos perdidos no Parque Ol\u00edmpico e no Complexo de Deodoro tamb\u00e9m ser\u00e3o encaminhados para a ag\u00eancia centralizadora, em Ipanema.<\/p>\n<p>Nas cidades do futebol (Belo Horizonte, Bras\u00edlia, Manaus, Salvador e S\u00e3o Paulo), o servi\u00e7o estar\u00e1 dispon\u00edvel tamb\u00e9m em ag\u00eancias centralizadoras dos Correios. No caso de documentos perdidos e localizados na base de dados da empresa, h\u00e1 duas possibilidades de recupera\u00e7\u00e3o se a pessoa que perdeu o documento n\u00e3o quiser se deslocar at\u00e9 Ipanema. Ela pode assinar uma procura\u00e7\u00e3o designando um respons\u00e1vel para retirar o item. At\u00e9 ent\u00e3o, o servi\u00e7o \u00e9 gratuito, mas se a pessoa preferir que o documento seja enviado a uma ag\u00eancia determinada, de sua escolha, o servi\u00e7o de remessa \u00e9 cobrado.<\/p>\n<p>Passaportes<\/p>\n<p>No caso de documentos emitidos no exterior ou passaportes de estrangeiros, o call center informa o endere\u00e7o diferenciado onde eles podem ser encontrados. A orienta\u00e7\u00e3o \u00e9 que sejam enviados ao Centro Integrado de Comando e Controle (CICCr) da cidade onde foram localizados. As prefeituras far\u00e3o o contato com o consulado ou embaixada do pa\u00eds de origem.<\/p>\n<p>O servi\u00e7o de entrega de itens funcionar\u00e1 at\u00e9 o dia 21 de outubro nas cidades onde haver\u00e1 partidas de futebol ol\u00edmpico e at\u00e9 31 de outubro no Rio de Janeiro. O volume de documentos que n\u00e3o for reclamado at\u00e9 essa data entra no fluxo normal de devolu\u00e7\u00e3o do Correios para o \u00f3rg\u00e3o emissor. No caso de objetos, eles ser\u00e3o agrupados e entregues ao Comit\u00ea Organizador dos Jogos Ol\u00edmpicos e Paral\u00edmpicos Rio 2016, que dar\u00e1 a melhor destina\u00e7\u00e3o poss\u00edvel. Nas cidades do futebol ol\u00edmpico, os itens que n\u00e3o forem recuperados ser\u00e3o enviados para o Rio de Janeiro, onde se juntar\u00e3o aos demais e ter\u00e3o a destina\u00e7\u00e3o adequada.<\/p>\n<p>Alana Gandra &#8211; Rep\u00f3rter da Ag\u00eancia Brasil<br \/>\nEdi\u00e7\u00e3o: Jorge Wamburg<br \/>\n08\/08\/2016<\/p>\n","protected":false},"excerpt":{"rendered":"<p>Durante a Olimp\u00edada e a Paralimp\u00edada do Rio de Janeiro, os Correios v\u00e3o estender o servi\u00e7o de Achados e Perdidos, que normalmente abrange apenas documentos, tamb\u00e9m a objetos, mas apenas os que forem deixados dentro das arenas esportivas, pois fora dessas instala\u00e7\u00f5es, somente documentos ser\u00e3o recebidos, de acordo com o coordenador do servi\u00e7o, Kaiser Mark [&hellip;]<\/p>\n","protected":false},"author":2,"featured_media":39880,"comment_status":"open","ping_status":"closed","sticky":false,"template":"","format":"standard","meta":{"_genesis_hide_title":false,"_genesis_hide_breadcrumbs":false,"_genesis_hide_singular_image":false,"_genesis_hide_footer_widgets":false,"_genesis_custom_body_class":"","_genesis_custom_post_class":"","_genesis_layout":"","_jetpack_memberships_contains_paid_content":false,"footnotes":""},"categories":[22],"tags":[],"class_list":{"0":"post-92291","1":"post","2":"type-post","3":"status-publish","4":"format-standard","5":"has-post-thumbnail","7":"category-brasil","8":"entry","9":"gs-1","10":"gs-odd","11":"gs-even","12":"gs-featured-content-entry"},"jetpack_featured_media_url":"https:\/\/www.redenoticia.com.br\/noticia\/imagens\/olimpiadas.jpg","jetpack_sharing_enabled":true,"jetpack_likes_enabled":true,"_links":{"self":[{"href":"https:\/\/www.redenoticia.com.br\/noticia\/wp-json\/wp\/v2\/posts\/92291","targetHints":{"allow":["GET"]}}],"collection":[{"href":"https:\/\/www.redenoticia.com.br\/noticia\/wp-json\/wp\/v2\/posts"}],"about":[{"href":"https:\/\/www.redenoticia.com.br\/noticia\/wp-json\/wp\/v2\/types\/post"}],"author":[{"embeddable":true,"href":"https:\/\/www.redenoticia.com.br\/noticia\/wp-json\/wp\/v2\/users\/2"}],"replies":[{"embeddable":true,"href":"https:\/\/www.redenoticia.com.br\/noticia\/wp-json\/wp\/v2\/comments?post=92291"}],"version-history":[{"count":0,"href":"https:\/\/www.redenoticia.com.br\/noticia\/wp-json\/wp\/v2\/posts\/92291\/revisions"}],"wp:featuredmedia":[{"embeddable":true,"href":"https:\/\/www.redenoticia.com.br\/noticia\/wp-json\/wp\/v2\/media\/39880"}],"wp:attachment":[{"href":"https:\/\/www.redenoticia.com.br\/noticia\/wp-json\/wp\/v2\/media?parent=92291"}],"wp:term":[{"taxonomy":"category","embeddable":true,"href":"https:\/\/www.redenoticia.com.br\/noticia\/wp-json\/wp\/v2\/categories?post=92291"},{"taxonomy":"post_tag","embeddable":true,"href":"https:\/\/www.redenoticia.com.br\/noticia\/wp-json\/wp\/v2\/tags?post=92291"}],"curies":[{"name":"wp","href":"https:\/\/api.w.org\/{rel}","templated":true}]}}